{"id":383434,"date":"2025-09-11T18:36:15","date_gmt":"2025-09-11T18:36:15","guid":{"rendered":"https:\/\/www.europesays.com\/fr\/383434\/"},"modified":"2025-09-11T18:36:15","modified_gmt":"2025-09-11T18:36:15","slug":"la-bielorussie-libere-52-prisonniers-politiques-dont-lopposant-historique-nikolai-statkevitch-et-14-etrangers","status":"publish","type":"post","link":"https:\/\/www.europesays.com\/fr\/383434\/","title":{"rendered":"La Bi\u00e9lorussie lib\u00e8re 52\u00a0prisonniers politiques, dont l\u2019opposant historique Nikola\u00ef Statk\u00e9vitch\u00a0et 14\u00a0\u00e9trangers"},"content":{"rendered":"<p>                          <img loading=\"lazy\" decoding=\"async\" src=\"https:\/\/www.europesays.com\/fr\/wp-content\/uploads\/2025\/09\/7c41755_ftp-import-images-1-tjgjjwsgsvhh-5857138-01-06.jpg\" alt=\"L\u2019opposant historique bi\u00e9lorusse Nikola\u00ef Statk\u00e9vitch lors de la campagne pour l\u2019\u00e9lection pr\u00e9sidentielle de 2015, \u00e0 Minsk, le 10 septembre 2015.\"   width=\"664\" height=\"443\"\/>    L\u2019opposant historique bi\u00e9lorusse Nikola\u00ef Statk\u00e9vitch lors de la campagne pour l\u2019\u00e9lection pr\u00e9sidentielle de 2015, \u00e0 Minsk, le 10 septembre 2015.  SERGEI GAPON\/AFP                          <\/p>\n<p class=\"article__paragraph  \">A la suite d\u2019efforts de m\u00e9diation am\u00e9ricains, la Biolorussie a lib\u00e9r\u00e9, jeudi 11\u00a0septembre, 52\u00a0prisonniers politiques, dont l\u2019opposant historique, Nikola\u00ef Statk\u00e9vitch, ont fait savoir un responsable, des m\u00e9dias et une ONG. Selon l\u2019agence de presse \u00e9tatique bi\u00e9lorusse Belta, aux c\u00f4t\u00e9s de Bi\u00e9lorusses, quatorze \u00e9trangers ont aussi retrouv\u00e9 la libert\u00e9\u00a0: six Lituaniens, deux Lettons, deux Polonais, deux Allemands, un Fran\u00e7ais et un Britannique.<\/p>\n<p class=\"article__paragraph  \">Lors d\u2019une conf\u00e9rence de presse, le pr\u00e9sident lituanien, Gitanas Nauseda, a d\u00e9clar\u00e9 que parmi les personnes lib\u00e9r\u00e9es se trouvaient \u00ab\u00a0des figures de l\u2019opposition, des journalistes et des participants \u00e0 des manifestations\u00a0\u00bb. Il s\u2019est dit \u00ab\u00a0profond\u00e9ment reconnaissant envers les Etats-Unis et personnellement envers le pr\u00e9sident Donald Trump pour leurs efforts continus en faveur de la lib\u00e9ration des prisonniers politiques\u00a0\u00bb.<\/p>\n<p class=\"article__paragraph  \">\u00ab\u00a0Les Etats-Unis se f\u00e9licitent de la poursuite des lib\u00e9rations de prisonniers politiques [en Bi\u00e9lorussie] apr\u00e8s l\u2019implication du pr\u00e9sident Trump\u00a0\u00bb, a d\u00e9clar\u00e9 un responsable du gouvernement sous le couvert de l\u2019anonymat \u00e0 l\u2019Agence France-Presse, assurant que Washington \u00ab\u00a0continuera \u00e0 travailler pour la lib\u00e9ration de pr\u00e8s de 1\u00a0300\u00a0prisonniers politiques restants\u00a0\u00bb dans le pays. Pour sa part, la cheffe de la Commission europ\u00e9enne, Ursula von der Leyen, s\u2019est r\u00e9jouie sur X de la remise en libert\u00e9 de Mikalai Khilo, un membre de la d\u00e9l\u00e9gation de l\u2019Union europ\u00e9enne \u00e0 Minsk.<\/p>\n<p>                                       Lire aussi |  Article r\u00e9serv\u00e9 \u00e0 nos abonn\u00e9s  <a href=\"https:\/\/www.lemonde.fr\/international\/article\/2025\/02\/02\/le-systeme-carceral-bielorusse-une-machine-a-briser-les-vies-des-opposants_6528263_3210.html\" class=\"js-article-read-also catcher--favoris__link\" data-premium=\"1\" id=\"article-title-3407795\" rel=\"nofollow noopener\" target=\"_blank\">Le syst\u00e8me carc\u00e9ral bi\u00e9lorusse, une machine \u00e0 briser les vies des opposants<\/a>    <\/p>\n<p>   Lire plus tard  <\/p>\n<p>                          Nikola\u00ef Statk\u00e9vitch est retourn\u00e9 en Bi\u00e9lorussie                    <\/p>\n<p class=\"article__paragraph  \">Des dizaines de milliers de Bi\u00e9lorusses avaient manifest\u00e9 en\u00a02020 et 2021 contre la r\u00e9\u00e9lection jug\u00e9e frauduleuse d\u2019Alexandre Loukachenko, au pouvoir depuis plus de trois d\u00e9cennies dans ce pays d\u2019Europe orientale alli\u00e9 de la Russie. Des centaines d\u2019entre eux avaient ensuite \u00e9t\u00e9 arr\u00eat\u00e9s dans une r\u00e9pression brutale, condamn\u00e9s \u00e0 de lourdes peines, et des milliers d\u2019autres contraints \u00e0 l\u2019exil \u00e0 l\u2019\u00e9tranger. Ces derniers mois, Donald Trump a fait pression sur M. Loukachenko pour qu\u2019il lib\u00e8re les plus de 1\u00a0000 prisonniers politiques qui, selon les groupes de d\u00e9fense des droits humains, sont toujours derri\u00e8re les barreaux.<\/p>\n<p class=\"article__paragraph  \">Selon l\u2019ONG Viasna, qui documente les pers\u00e9cutions politiques en Bi\u00e9lorussie, Nikola\u00ef Statk\u00e9vitch, un opposant historique au pr\u00e9sident Alexandre Loukachenko, fait partie des personnes lib\u00e9r\u00e9es. Depuis 1999, M.\u00a0Statk\u00e9vitch avait \u00e9t\u00e9 emprisonn\u00e9 \u00e0 plusieurs reprises avant d\u2019\u00eatre arr\u00eat\u00e9 en mai\u00a02020 puis condamn\u00e9 \u00e0 quatorze\u00a0ans de prison. Depuis deux ans et demi, il \u00e9tait d\u00e9tenu au secret et ses proches ne recevaient plus de nouvelles de lui.<\/p>\n<p>                                       Lire aussi |  Article r\u00e9serv\u00e9 \u00e0 nos abonn\u00e9s  <a href=\"https:\/\/www.lemonde.fr\/international\/article\/2025\/08\/09\/le-difficile-combat-des-medias-independants-bielorusses-victimes-de-repression-et-contraints-a-l-exil_6627614_3210.html\" class=\"js-article-read-also catcher--favoris__link\" data-premium=\"1\" id=\"article-title-3434010\" rel=\"nofollow noopener\" target=\"_blank\">Le difficile combat des m\u00e9dias ind\u00e9pendants bi\u00e9lorusses, victimes de r\u00e9pression et contraints \u00e0 l\u2019exil<\/a>    <\/p>\n<p>   Lire plus tard  <\/p>\n<p class=\"article__paragraph  \">La plupart des personnes lib\u00e9r\u00e9es ont franchi la fronti\u00e8re avec la Lituanie voisine, o\u00f9 ils se trouvent d\u00e9sormais. Ce pays balte, membre de l\u2019UE, compte une importante diaspora bi\u00e9lorusse. Mais l\u2019opposant Mikola Statk\u00e9vitch, qui a pass\u00e9 plus de douze ans en prison en Bi\u00e9lorussie depuis 1999, a refus\u00e9 de partir, selon Viasna, et a attendu plusieurs heures dans la zone entre les fronti\u00e8res avant de finalement y retourner.<\/p>\n<p>                    Washington l\u00e8ve ses sanctions contre Belavia                    <\/p>\n<p class=\"article__paragraph  \">Parmi les personnes lib\u00e9r\u00e9es figure \u00e9galement la ressortissante lituanienne Elena Ramanauskien\u00e9, emprisonn\u00e9e l\u2019ann\u00e9e derni\u00e8re pour espionnage, selon le pr\u00e9sident, Gitanas Nauseda. La radio RFE-RL\u00a0a aussi rapport\u00e9 la lib\u00e9ration de son journaliste Igor Lossik apr\u00e8s cinq ans de d\u00e9tention pour des accusations qu\u2019il d\u00e9nonce comme de nature politique.<\/p>\n<p>                                       Lire aussi |  Article r\u00e9serv\u00e9 \u00e0 nos abonn\u00e9s  <a href=\"https:\/\/www.lemonde.fr\/international\/article\/2025\/07\/04\/bielorussie-alexandre-loukachenko-appelle-donald-trump-a-normaliser-les-relations-avec-les-etats-unis_6618149_3210.html\" class=\"js-article-read-also catcher--favoris__link\" data-premium=\"1\" id=\"article-title-3430180\" rel=\"nofollow noopener\" target=\"_blank\">Bi\u00e9lorussie\u00a0: Loukachenko appelle \u00e0 une normalisation des relations avec les Etats-Unis<\/a>    <\/p>\n<p>   Lire plus tard  <\/p>\n<p class=\"article__paragraph  \">Ces lib\u00e9rations interviennent dans la foul\u00e9e de la visite jeudi en Bi\u00e9lorussie d\u2019un responsable am\u00e9ricain, John Coale, envoy\u00e9 sp\u00e9cial adjoint aupr\u00e8s du pr\u00e9sident Donald Trump. M. Coale a annonc\u00e9 \u00e0 la t\u00e9l\u00e9vision d\u2019Etat locale que Washington levait les sanctions contre la compagnie a\u00e9rienne nationale de Bi\u00e9lorussie, Belavia. \u00ab\u00a0A partir de maintenant, nous levons les sanctions contre Belavia\u00a0\u00bb, a-t-il d\u00e9clar\u00e9 lors d\u2019une rencontre avec le pr\u00e9sident, Alexandre Loukachenko, un proche alli\u00e9 de Moscou. La Maison Blanche a ensuite pr\u00e9cis\u00e9 qu\u2019il s\u2019agirait d\u2019une d\u00e9marche \u00ab\u00a0limit\u00e9e\u00a0\u00bb qui permettrait \u00e0 Belavia \u00ab\u00a0d\u2019entretenir et d\u2019acheter des composants pour sa flotte qui compte des appareils Boeing\u00a0\u00bb de fabrication am\u00e9ricaine.<\/p>\n<p> Le Monde M\u00e9morable  <\/p>\n<p> <a href=\"https:\/\/www.lemonde.fr\/memorable\/?rfextension=inread\" class=\"inread__link js-services-inread-link\" target=\"_blank\" rel=\"nofollow noopener\">  <\/p>\n<p>Testez votre culture g\u00e9n\u00e9rale avec la r\u00e9daction du \u00ab Monde \u00bb<\/p>\n<p>Testez votre culture g\u00e9n\u00e9rale avec la r\u00e9daction du \u00ab Monde \u00bb<\/p>\n<p>D\u00e9couvrir<\/p>\n<p> <\/a>      <\/p>\n<p> Newsletter  <\/p>\n<p> <a href=\"https:\/\/www.lemonde.fr\/newsletters\/a-la-une\/\" class=\"inread__link js-services-inread-link\" target=\"_blank\" rel=\"nofollow noopener\">  <\/p>\n<p>\u00ab A la une \u00bb<\/p>\n<p>Chaque matin, parcourez l&rsquo;essentiel de l&rsquo;actualit\u00e9 du jour avec les derniers titres du \u00ab Monde \u00bb<\/p>\n<p>S&rsquo;inscrire<\/p>\n<p> <\/a>          <\/p>\n<p> Le Monde Application  <\/p>\n<p> <a href=\"https:\/\/lamatinale.onelink.me\/gKMy\/ahw2ubr3\" class=\"inread__link js-services-inread-link\" target=\"_blank\" rel=\"nofollow noopener\">  <\/p>\n<p>La Matinale du Monde<\/p>\n<p>Chaque matin, retrouvez notre s\u00e9lection de 20 articles \u00e0 ne pas manquer <\/p>\n<p>T\u00e9l\u00e9charger l&rsquo;application<\/p>\n<p> <\/a>      <\/p>\n<p> Newsletter abonn\u00e9s  <\/p>\n<p> <a href=\"https:\/\/www.lemonde.fr\/newsletters\/international\/\" class=\"inread__link js-services-inread-link\" target=\"_blank\" rel=\"nofollow noopener\">  <\/p>\n<p>\u00ab International \u00bb<\/p>\n<p>L\u2019essentiel de l\u2019actualit\u00e9 internationale de la semaine<\/p>\n<p>S&rsquo;inscrire<\/p>\n<p> <\/a>             <\/p>\n<p class=\"article__paragraph  \">La Bi\u00e9lorussie a proc\u00e9d\u00e9 \u00e0 plusieurs lib\u00e9rations de prisonniers politiques ces derni\u00e8res ann\u00e9es. En juin, <a href=\"https:\/\/www.lemonde.fr\/international\/article\/2025\/06\/21\/l-opposant-bielorusse-serguei-tsikhanovski-libere-de-prison_6615097_3210.html\" rel=\"nofollow noopener\" target=\"_blank\">quatorze d\u2019entre eux avaient retrouv\u00e9 la libert\u00e9, dont Sergue\u00ef Tikhanovski<\/a>, le mari de Svetlana Tikhanovska\u00efa, la cheffe de file de l\u2019opposition bi\u00e9lorusse en exil.<\/p>\n<p class=\"author__detail\">  Le Monde avec AFP  <\/p>\n<p>                  <a href=\"https:\/\/www.lemonde.fr\/syndication\/\" class=\"reuse__content\" title=\"R\u00e9utiliser ce contenu\" target=\"_blank\" rel=\"nofollow noopener\">R\u00e9utiliser ce contenu<\/a>      <\/p>\n","protected":false},"excerpt":{"rendered":"L\u2019opposant historique bi\u00e9lorusse Nikola\u00ef Statk\u00e9vitch lors de la campagne pour l\u2019\u00e9lection pr\u00e9sidentielle de 2015, \u00e0 Minsk, le 10&hellip;\n","protected":false},"author":2,"featured_media":383435,"comment_status":"","ping_status":"","sticky":false,"template":"","format":"standard","meta":{"footnotes":""},"categories":[2],"tags":[11,1011,27,12,25],"class_list":{"0":"post-383434","1":"post","2":"type-post","3":"status-publish","4":"format-standard","5":"has-post-thumbnail","7":"category-actualites","8":"tag-actualites","9":"tag-fr","10":"tag-france","11":"tag-news","12":"tag-republique-francaise"},"share_on_mastodon":{"url":"https:\/\/pubeurope.com\/@fr\/115187115034768997","error":""},"_links":{"self":[{"href":"https:\/\/www.europesays.com\/fr\/wp-json\/wp\/v2\/posts\/383434","targetHints":{"allow":["GET"]}}],"collection":[{"href":"https:\/\/www.europesays.com\/fr\/wp-json\/wp\/v2\/posts"}],"about":[{"href":"https:\/\/www.europesays.com\/fr\/wp-json\/wp\/v2\/types\/post"}],"author":[{"embeddable":true,"href":"https:\/\/www.europesays.com\/fr\/wp-json\/wp\/v2\/users\/2"}],"replies":[{"embeddable":true,"href":"https:\/\/www.europesays.com\/fr\/wp-json\/wp\/v2\/comments?post=383434"}],"version-history":[{"count":0,"href":"https:\/\/www.europesays.com\/fr\/wp-json\/wp\/v2\/posts\/383434\/revisions"}],"wp:featuredmedia":[{"embeddable":true,"href":"https:\/\/www.europesays.com\/fr\/wp-json\/wp\/v2\/media\/383435"}],"wp:attachment":[{"href":"https:\/\/www.europesays.com\/fr\/wp-json\/wp\/v2\/media?parent=383434"}],"wp:term":[{"taxonomy":"category","embeddable":true,"href":"https:\/\/www.europesays.com\/fr\/wp-json\/wp\/v2\/categories?post=383434"},{"taxonomy":"post_tag","embeddable":true,"href":"https:\/\/www.europesays.com\/fr\/wp-json\/wp\/v2\/tags?post=383434"}],"curies":[{"name":"wp","href":"https:\/\/api.w.org\/{rel}","templated":true}]}}