{"id":383438,"date":"2025-09-11T18:38:11","date_gmt":"2025-09-11T18:38:11","guid":{"rendered":"https:\/\/www.europesays.com\/fr\/383438\/"},"modified":"2025-09-11T18:38:11","modified_gmt":"2025-09-11T18:38:11","slug":"la-france-mobilise-trois-rafale-pour-contribuer-a-la-protection-de-lespace-aerien-liberation","status":"publish","type":"post","link":"https:\/\/www.europesays.com\/fr\/383438\/","title":{"rendered":"la France mobilise trois Rafale pour \u00abcontribuer \u00e0 la protection de l\u2019espace a\u00e9rien\u00bb \u2013 Lib\u00e9ration"},"content":{"rendered":"<p class=\"sc-cPiKLX AiZTS text-element\">La France a d\u00e9cid\u00e9 de mobiliser trois avions de chasse Rafale \u00abpour contribuer \u00e0 la protection de l\u2019espace a\u00e9rien polonais\u00bb ainsi que de l\u2019Europe de l\u2019Est avec l\u2019Otan, apr\u00e8s les \u00ab<a href=\"https:\/\/www.liberation.fr\/international\/europe\/intrusion-de-drones-en-pologne-une-reunion-extraordinaire-du-conseil-de-securite-de-lonu-doit-se-tenir-a-la-demande-de-varsovie-20250911_ADFPGE7AOZHAZBHFE5NIBC7CWA\/\" target=\"_blank\" rel=\"noreferrer noopener\" title=\"https:\/\/www.liberation.fr\/international\/europe\/intrusion-de-drones-en-pologne-une-reunion-extraordinaire-du-conseil-de-securite-de-lonu-doit-se-tenir-a-la-demande-de-varsovie-20250911_ADFPGE7AOZHAZBHFE5NIBC7CWA\/\">incursions de drones russes en Pologne<\/a>\u00bb, a annonc\u00e9 ce jeudi 11 septembre Emmanuel Macron. <\/p>\n<p class=\"sc-cPiKLX AiZTS text-element\">\u00abJe m\u2019y \u00e9tais engag\u00e9 hier aupr\u00e8s du Premier ministre polonais\u00bb Donald Tusk, a dit le pr\u00e9sident fran\u00e7ais sur le r\u00e9seau X, pr\u00e9cisant s\u2019\u00eatre aussi entretenu avec le secr\u00e9taire g\u00e9n\u00e9ral de l\u2019Otan Mark Rutte et le Premier ministre britannique Keir Starmer. \u00abNous ne c\u00e9derons pas face aux intimidations croissantes de la Russie\u00bb, a-t-il assur\u00e9. <\/p>\n<p class=\"sc-cPiKLX AiZTS text-element\"><b>Plus d\u2019informations \u00e0 venir\u2026<\/b><\/p>\n","protected":false},"excerpt":{"rendered":"La France a d\u00e9cid\u00e9 de mobiliser trois avions de chasse Rafale \u00abpour contribuer \u00e0 la protection de l\u2019espace&hellip;\n","protected":false},"author":2,"featured_media":383439,"comment_status":"","ping_status":"","sticky":false,"template":"","format":"standard","meta":{"footnotes":""},"categories":[4],"tags":[11,1011,27,12,2437,25,132,297],"class_list":{"0":"post-383438","1":"post","2":"type-post","3":"status-publish","4":"format-standard","5":"has-post-thumbnail","7":"category-france","8":"tag-actualites","9":"tag-fr","10":"tag-france","11":"tag-news","12":"tag-pologne","13":"tag-republique-francaise","14":"tag-russie","15":"tag-ukraine-la-crise"},"share_on_mastodon":{"url":"https:\/\/pubeurope.com\/@fr\/115187122339149039","error":""},"_links":{"self":[{"href":"https:\/\/www.europesays.com\/fr\/wp-json\/wp\/v2\/posts\/383438","targetHints":{"allow":["GET"]}}],"collection":[{"href":"https:\/\/www.europesays.com\/fr\/wp-json\/wp\/v2\/posts"}],"about":[{"href":"https:\/\/www.europesays.com\/fr\/wp-json\/wp\/v2\/types\/post"}],"author":[{"embeddable":true,"href":"https:\/\/www.europesays.com\/fr\/wp-json\/wp\/v2\/users\/2"}],"replies":[{"embeddable":true,"href":"https:\/\/www.europesays.com\/fr\/wp-json\/wp\/v2\/comments?post=383438"}],"version-history":[{"count":0,"href":"https:\/\/www.europesays.com\/fr\/wp-json\/wp\/v2\/posts\/383438\/revisions"}],"wp:featuredmedia":[{"embeddable":true,"href":"https:\/\/www.europesays.com\/fr\/wp-json\/wp\/v2\/media\/383439"}],"wp:attachment":[{"href":"https:\/\/www.europesays.com\/fr\/wp-json\/wp\/v2\/media?parent=383438"}],"wp:term":[{"taxonomy":"category","embeddable":true,"href":"https:\/\/www.europesays.com\/fr\/wp-json\/wp\/v2\/categories?post=383438"},{"taxonomy":"post_tag","embeddable":true,"href":"https:\/\/www.europesays.com\/fr\/wp-json\/wp\/v2\/tags?post=383438"}],"curies":[{"name":"wp","href":"https:\/\/api.w.org\/{rel}","templated":true}]}}