{"id":383440,"date":"2025-09-11T18:41:11","date_gmt":"2025-09-11T18:41:11","guid":{"rendered":"https:\/\/www.europesays.com\/fr\/383440\/"},"modified":"2025-09-11T18:41:11","modified_gmt":"2025-09-11T18:41:11","slug":"rugby-top-14-la-section-paloise-perd-un-trois-quart-mais-retrouve-ses-internationaux","status":"publish","type":"post","link":"https:\/\/www.europesays.com\/fr\/383440\/","title":{"rendered":"Rugby &#8211; Top 14\u00a0: la Section Paloise perd un trois-quart mais retrouve ses internationaux"},"content":{"rendered":"<p>Sorti sonn\u00e9 d\u00e8s la 27e minute de jeu samedi dernier \u00e0 Castres, le trois-quart polyvalent Aymeric Luc a bien subi une commotion c\u00e9r\u00e9brale. Il ne sera donc pas disponible pour la r\u00e9ception du Stade Fran\u00e7ais samedi&#8230;<\/p>\n<p>Sorti sonn\u00e9 d\u00e8s la 27e minute de jeu samedi dernier \u00e0 Castres, le trois-quart polyvalent Aymeric Luc a bien subi une commotion c\u00e9r\u00e9brale. Il ne sera donc pas disponible pour la r\u00e9ception du Stade Fran\u00e7ais samedi (16h35), \u00e0 l\u2019occasion de la 2e journ\u00e9e de Top 14. En revanche, la Section Paloise r\u00e9cup\u00e8re des forces. Et pas des moindres.<\/p>\n<p>    La r\u00e9daction vous conseille<\/p>\n<p>Si Hugo Auradou avait pu jouer face au CO le week-end pass\u00e9 sur d\u00e9rogation, d\u00e9sormais, tous les internationaux sont aptes \u00e0 revenir \u00e0 la comp\u00e9tition. Les Fran\u00e7ais Thibault Daubagna, Emilien Gailleton et Th\u00e9o Attissogbe derri\u00e8re, ainsi que l\u2019Argentin Facundo Isa devant, devraient donc int\u00e9grer le groupe vert et blanc. Remis de sa blessure \u00e0 la cheville, l\u2019ouvreur-arri\u00e8re Cl\u00e9ment Mondinat est lui aussi \u00e9ligible. <\/p>\n<p>    La r\u00e9daction vous conseille<\/p>\n<p>Rey et Whitelock m\u00e9nag\u00e9s<\/p>\n<p>Si le talonneur Lucas Rey et le 3e ligne Luke Whitelock ont \u00e9t\u00e9 m\u00e9nag\u00e9s cette semaine, pour le reste, rien ne bouge \u00e0 l\u2019infirmerie. Les 2es lignes R\u00e9mi Picquette (c\u00f4te cass\u00e9e, retour fin du mois) et Thomas Jolmes (ischios) ainsi que le centre Tumua Manu (quadriceps) devraient rapidement se r\u00e9tablir. Ce sera un peu plus long pour le talonneur Hayam El Bibouji (cheville), le pilier droit Jon Zabala (pouce fractur\u00e9), l\u2019ailier Cl\u00e9ment Laporte (\u00e9paule) et le 3e ligne Mehdi Tlili, pas attendus avant le mois de novembre.<\/p>\n","protected":false},"excerpt":{"rendered":"Sorti sonn\u00e9 d\u00e8s la 27e minute de jeu samedi dernier \u00e0 Castres, le trois-quart polyvalent Aymeric Luc a&hellip;\n","protected":false},"author":2,"featured_media":383441,"comment_status":"","ping_status":"","sticky":false,"template":"","format":"standard","meta":{"footnotes":""},"categories":[1416],"tags":[1011,27,479,1468,60],"class_list":{"0":"post-383440","1":"post","2":"type-post","3":"status-publish","4":"format-standard","5":"has-post-thumbnail","7":"category-rugby","8":"tag-fr","9":"tag-france","10":"tag-rugby","11":"tag-rugby-football","12":"tag-sports"},"share_on_mastodon":{"url":"https:\/\/pubeurope.com\/@fr\/115187134178290069","error":""},"_links":{"self":[{"href":"https:\/\/www.europesays.com\/fr\/wp-json\/wp\/v2\/posts\/383440","targetHints":{"allow":["GET"]}}],"collection":[{"href":"https:\/\/www.europesays.com\/fr\/wp-json\/wp\/v2\/posts"}],"about":[{"href":"https:\/\/www.europesays.com\/fr\/wp-json\/wp\/v2\/types\/post"}],"author":[{"embeddable":true,"href":"https:\/\/www.europesays.com\/fr\/wp-json\/wp\/v2\/users\/2"}],"replies":[{"embeddable":true,"href":"https:\/\/www.europesays.com\/fr\/wp-json\/wp\/v2\/comments?post=383440"}],"version-history":[{"count":0,"href":"https:\/\/www.europesays.com\/fr\/wp-json\/wp\/v2\/posts\/383440\/revisions"}],"wp:featuredmedia":[{"embeddable":true,"href":"https:\/\/www.europesays.com\/fr\/wp-json\/wp\/v2\/media\/383441"}],"wp:attachment":[{"href":"https:\/\/www.europesays.com\/fr\/wp-json\/wp\/v2\/media?parent=383440"}],"wp:term":[{"taxonomy":"category","embeddable":true,"href":"https:\/\/www.europesays.com\/fr\/wp-json\/wp\/v2\/categories?post=383440"},{"taxonomy":"post_tag","embeddable":true,"href":"https:\/\/www.europesays.com\/fr\/wp-json\/wp\/v2\/tags?post=383440"}],"curies":[{"name":"wp","href":"https:\/\/api.w.org\/{rel}","templated":true}]}}