{"id":383448,"date":"2025-09-11T18:46:14","date_gmt":"2025-09-11T18:46:14","guid":{"rendered":"https:\/\/www.europesays.com\/fr\/383448\/"},"modified":"2025-09-11T18:46:14","modified_gmt":"2025-09-11T18:46:14","slug":"filippo-ganna-remporte-le-contre-la-montre-de-la-vuelta-ampute-de-moitie-en-raison-de-nouvelles-manifestations-propalestiniennes","status":"publish","type":"post","link":"https:\/\/www.europesays.com\/fr\/383448\/","title":{"rendered":"Filippo Ganna remporte le contre-la-montre de la Vuelta, amput\u00e9 de moiti\u00e9 en raison de nouvelles manifestations propalestiniennes"},"content":{"rendered":"<p>                          <img loading=\"lazy\" decoding=\"async\" src=\"https:\/\/www.europesays.com\/fr\/wp-content\/uploads\/2025\/09\/c401f3d_ftp-import-images-1-gajtkyxzkaov-2025-09-11t151038z-846173594-up1el9b165mtb-rtrmadp-3-cyclin.jpeg\" alt=\"Un coureur de l\u2019\u00e9quipe Israel-Premier Tech devant des manifestants propalestiniens,\u00a0\u00e0 Valladollid (Espagne), le 11\u00a0septembre 2025.\"   width=\"664\" height=\"443\"\/>    Un coureur de l\u2019\u00e9quipe Israel-Premier Tech devant des manifestants propalestiniens,\u00a0\u00e0 Valladollid (Espagne), le 11\u00a0septembre 2025.  JUAN MEDINA\/REUTERS                          <\/p>\n<p class=\"article__paragraph  \">Trois heures durant, il a regard\u00e9 ses concurrents tenter de faire mieux que lui, install\u00e9 sur le \u00ab\u00a0hot seat\u00a0\u00bb, le fauteuil de leader provisoire. Parti en 17e position (sur 153) du dernier contre-la-montre de l\u2019\u00e9dition 2025\u00a0de la Vuelta, \u00e0 Valladolid, l\u2019Italien Filippo Ganna (Ineos Grenadier) s\u2019est finalement impos\u00e9, jeudi 11\u00a0septembre \u00e0 Valladollid (Espagne). Le double champion du monde de la discipline a concentr\u00e9 ses efforts sur les quatre derniers kilom\u00e8tres, qu\u2019il a parcourus \u00e0 63\u00a0km\/h. Si la tr\u00e8s attendue bataille pour le maillot rouge de leader s\u2019est d\u00e9roul\u00e9e sur les routes espagnoles, elle a \u00e9t\u00e9 une nouvelle fois amput\u00e9e par les manifestations propalestiniennes, qui chamboulent le Tour d\u2019Espagne depuis plus d\u2019une semaine.<\/p>\n<p>                                            Lire aussi |  Article r\u00e9serv\u00e9 \u00e0 nos abonn\u00e9s  <a href=\"https:\/\/www.lemonde.fr\/sport\/article\/2025\/09\/10\/la-vuelta-rattrapee-par-la-guerre-a-gaza-et-le-conflit-israelo-palestinien_6640282_3242.html\" class=\"js-article-read-also catcher--favoris__link\" data-premium=\"1\" id=\"article-title-3437386\" rel=\"nofollow noopener\" target=\"_blank\">La Vuelta rattrap\u00e9e par la guerre \u00e0 Gaza et le conflit isra\u00e9lo-palestinien<\/a>    <\/p>\n<p>   Lire plus tard  <\/p>\n<p class=\"article__paragraph  \">Jeudi, dans la matin\u00e9e, les organisateurs de la Vuelta ont annonc\u00e9 avoir r\u00e9duit de moiti\u00e9 le trac\u00e9, compl\u00e8tement plat, du contre-la-montre et renforc\u00e9 le dispositif de s\u00e9curit\u00e9 en d\u00e9ployant 800 policiers en bord de route. Initialement pr\u00e9vu sur 27,2\u00a0km, le parcours a \u00e9t\u00e9 raccourci \u00e0 12,2\u00a0km, ne laissant gu\u00e8re d\u2019espoirs aux favoris ayant mis\u00e9 sur cet exercice particulier pour tenter de rattraper leur retard.<\/p>\n<p class=\"article__paragraph  \">\u00ab\u00a0J\u2019ai fait de mon mieux, ce n\u2019est pas un effort qui me va tellement bien, juste dommage qu\u2019il n\u2019y ait pas eu 27\u00a0km, au final, mais c\u2019est comme \u00e7a, a ainsi regrett\u00e9 Joao Almeida (UAE Team Emirates), troisi\u00e8me de l\u2019\u00e9tape, au micro d\u2019Eurosport. On n\u2019y peut pas grand-chose, mais c\u2019est pareil pour tout le monde.\u00a0\u00bb Dauphin au classement g\u00e9n\u00e9ral, le Portugais ambitionnait de rattraper Jonas Vingegaard (Visma-Lease a bike), moins rouleur que lui, mais a vu le Danois signer le neuvi\u00e8me temps, et conserver le maillot rouge.<\/p>\n<p class=\"article__paragraph  \">Visiblement soulag\u00e9, Jonas Vingegaard s\u2019est \u00e9galement exprim\u00e9\u00a0: \u00ab\u00a0Je ne pense pas que [cet exercice court] favorise les coureurs qui p\u00e8sent 60\u00a0kg comme moi, cela favorise ceux qui ont plus de poids\u00a0\u00bb, a relat\u00e9 le double vainqueur du Tour de France, satisfait de sa performance \u2013 il conserve quarante secondes d\u2019avance \u00e0 trois \u00e9tapes de l\u2019arriv\u00e9e \u00e0 Madrid. Aurait-il pu faire mieux sur 27\u00a0km\u00a0? \u00ab\u00a0Je n\u2019en sais rien, a r\u00e9pondu le maillot rouge. \u00c7a\u00a0aurait quand m\u00eame \u00e9t\u00e9 plat, et peut-\u00eatre \u00e9t\u00e9 plus \u00e0 l\u2019avantage de Joao Almeida\u00a0\u00bb.<\/p>\n<p>                    La tension autour de l\u2019\u00e9preuve n\u2019a pas disparu                    <\/p>\n<p class=\"article__paragraph  \">Malgr\u00e9 les pr\u00e9cautions des organisateurs \u2013 qui ont d\u00e9j\u00e0 \u00e9t\u00e9 contraints de modifier l\u2019arriv\u00e9e de deux \u00e9tapes en cours de journ\u00e9e \u2013 et le d\u00e9ploiement de forces de l\u2019ordre en nombre, la tension autour de l\u2019\u00e9preuve n\u2019a pas disparu. Deux manifestants ont \u00e9t\u00e9 interpell\u00e9s pour avoir tent\u00e9 d\u2019entraver le passage d\u2019un coureur de l\u2019\u00e9quipe Israel-Premier Tech en enjambant les barri\u00e8res de s\u00e9curit\u00e9 longeant le parcours. Comme depuis l\u2019arriv\u00e9e de la Vuelta sur le sol espagnol, de nombreux manifestants propalestiniens s\u2019\u00e9taient rassembl\u00e9s pour d\u00e9noncer la pr\u00e9sence de cette formation, financ\u00e9e par le milliardaire isra\u00e9lo-canadien Sylvan Adams, proche du gouvernement N\u00e9tanyahou.<\/p>\n<p>                                       Lire aussi |  Article r\u00e9serv\u00e9 \u00e0 nos abonn\u00e9s  <a href=\"https:\/\/www.lemonde.fr\/sport\/article\/2025\/09\/06\/l-equipe-israel-premier-tech-efface-la-mention-israel-de-ses-maillots-sur-le-tour-d-espagne-face-aux-manifestations-propalestiniennes_6639218_3242.html\" class=\"js-article-read-also catcher--favoris__link\" data-premium=\"1\" id=\"article-title-3436988\" rel=\"nofollow noopener\" target=\"_blank\">L\u2019\u00e9quipe Israel-Premier Tech efface la mention \u00ab\u00a0Israel\u00a0\u00bb de ses maillots sur le Tour d\u2019Espagne<\/a>    <\/p>\n<p>   Lire plus tard  <\/p>\n<p class=\"article__paragraph  \">Les manifestants entendent d\u00e9noncer la guerre men\u00e9e par l\u2019\u00c9tat h\u00e9breu dans la bande de Gaza et concentrent leur contestation sur l\u2019\u00e9quipe isra\u00e9lienne, dont ils r\u00e9clament l\u2019exclusion. Face aux nombreux mouvements \u2013 certains mettant les concurrents de la Vuelta en danger \u2013, cette derni\u00e8re avait retir\u00e9 la mention \u00ab\u00a0Israel\u00a0\u00bb de son maillot, samedi 6\u00a0septembre, mais refuse de c\u00e9der aux injonctions de se retirer de la comp\u00e9tition.<\/p>\n<p class=\"article__paragraph  \">Pilar Alegria, porte-parole du gouvernement espagnol et ministre de l\u2019\u00e9ducation et des sports, avait sugg\u00e9r\u00e9 la veille, sur la radio Cadena Ser, d\u2019appliquer aux \u00e9quipes isra\u00e9liennes le m\u00eame traitement qu\u2019aux \u00e9quipes russes et bi\u00e9lorusses depuis l\u2019invasion de l\u2019Ukraine en\u00a02022, laissant entendre qu\u2019Israel-Premier Tech ne devrait pas participer \u00e0 la Vuelta. \u00ab\u00a0Les comp\u00e9tences rel\u00e8vent de l\u2019UCI [Union cycliste internationale] et la d\u00e9cision devrait \u00eatre partag\u00e9e par le CIO [Comit\u00e9 International Olympique], puisqu\u2019il s\u2019agit d\u2019un sport olympique. Face \u00e0 la situation que nous vivons actuellement, d\u2019une telle gravit\u00e9, il faut prendre position et prendre une d\u00e9cision\u00a0\u00bb, a-t-elle ajout\u00e9.<\/p>\n<p class=\"article__paragraph  \">Ces manifestations surviennent dans un contexte de grande tension entre Isra\u00ebl et l\u2019Espagne, une des voix les plus critiques en Europe sur la situation \u00e0 Gaza. Le gouvernement de gauche de Pedro S\u00e1nchez a reconnu l\u2019Etat de Palestine en mai\u00a02024 et vient d\u2019annoncer de nouvelles mesures destin\u00e9es \u00ab\u00a0\u00e0 mettre un terme au g\u00e9nocide \u00e0 Gaza\u00a0\u00bb.<\/p>\n<p>                                       Lire aussi |  Article r\u00e9serv\u00e9 \u00e0 nos abonn\u00e9s  <a href=\"https:\/\/www.lemonde.fr\/international\/article\/2025\/09\/09\/espagne-le-gouvernement-durcit-sa-position-sur-israel_6640098_3210.html\" class=\"js-article-read-also catcher--favoris__link\" data-premium=\"1\" id=\"article-title-3437150\" rel=\"nofollow noopener\" target=\"_blank\">Gaza\u00a0: l\u2019Espagne durcit sa position sur Isra\u00ebl en promettant un embargo sur les armes et de l\u2019aide humanitaire<\/a>    <\/p>\n<p>   Lire plus tard  <\/p>\n<p class=\"article__author-container\"> <a class=\"article__author-link\" href=\"https:\/\/www.lemonde.fr\/signataires\/service-sports\/\" rel=\"nofollow noopener\" target=\"_blank\"> Service Sports<\/a>  <\/p>\n","protected":false},"excerpt":{"rendered":"Un coureur de l\u2019\u00e9quipe Israel-Premier Tech devant des manifestants propalestiniens,\u00a0\u00e0 Valladollid (Espagne), le 11\u00a0septembre 2025. JUAN MEDINA\/REUTERS Trois&hellip;\n","protected":false},"author":2,"featured_media":383449,"comment_status":"","ping_status":"","sticky":false,"template":"","format":"standard","meta":{"footnotes":""},"categories":[1411],"tags":[1154,207,1011,27,60],"class_list":{"0":"post-383448","1":"post","2":"type-post","3":"status-publish","4":"format-standard","5":"has-post-thumbnail","7":"category-cyclisme","8":"tag-cycling","9":"tag-cyclisme","10":"tag-fr","11":"tag-france","12":"tag-sports"},"share_on_mastodon":{"url":"https:\/\/pubeurope.com\/@fr\/115187153964175537","error":""},"_links":{"self":[{"href":"https:\/\/www.europesays.com\/fr\/wp-json\/wp\/v2\/posts\/383448","targetHints":{"allow":["GET"]}}],"collection":[{"href":"https:\/\/www.europesays.com\/fr\/wp-json\/wp\/v2\/posts"}],"about":[{"href":"https:\/\/www.europesays.com\/fr\/wp-json\/wp\/v2\/types\/post"}],"author":[{"embeddable":true,"href":"https:\/\/www.europesays.com\/fr\/wp-json\/wp\/v2\/users\/2"}],"replies":[{"embeddable":true,"href":"https:\/\/www.europesays.com\/fr\/wp-json\/wp\/v2\/comments?post=383448"}],"version-history":[{"count":0,"href":"https:\/\/www.europesays.com\/fr\/wp-json\/wp\/v2\/posts\/383448\/revisions"}],"wp:featuredmedia":[{"embeddable":true,"href":"https:\/\/www.europesays.com\/fr\/wp-json\/wp\/v2\/media\/383449"}],"wp:attachment":[{"href":"https:\/\/www.europesays.com\/fr\/wp-json\/wp\/v2\/media?parent=383448"}],"wp:term":[{"taxonomy":"category","embeddable":true,"href":"https:\/\/www.europesays.com\/fr\/wp-json\/wp\/v2\/categories?post=383448"},{"taxonomy":"post_tag","embeddable":true,"href":"https:\/\/www.europesays.com\/fr\/wp-json\/wp\/v2\/tags?post=383448"}],"curies":[{"name":"wp","href":"https:\/\/api.w.org\/{rel}","templated":true}]}}