{"id":383450,"date":"2025-09-11T18:47:10","date_gmt":"2025-09-11T18:47:10","guid":{"rendered":"https:\/\/www.europesays.com\/fr\/383450\/"},"modified":"2025-09-11T18:47:10","modified_gmt":"2025-09-11T18:47:10","slug":"mon-seul-regret-ne-pas-avoir-prolonge-avec-le-psg","status":"publish","type":"post","link":"https:\/\/www.europesays.com\/fr\/383450\/","title":{"rendered":"Mon seul regret, ne pas avoir prolong\u00e9 avec le PSG"},"content":{"rendered":"<p>Kays Ruiz-Atil a \u00e9t\u00e9 form\u00e9 au PSG, il aura jou\u00e9 sept matches<br \/>\navec l\u2019\u00e9quipe premi\u00e8re avant de d\u00e9finitivement quitter le club<br \/>\ndurant l\u2019\u00e9t\u00e9 2021. Le milieu offensif est revenu sur son passage au<br \/>\nPSG.<\/p>\n<p><strong>Kays Ruiz-Atil<\/strong> avait rejoint le centre de<br \/>\nformation du <strong>PSG<\/strong> en 2015 en provenance du<br \/>\n<strong>FC Barcelone<\/strong>. Il signera son premier contrat<br \/>\nprofessionnel en ao\u00fbt 2018. Lors de la saison 2020-2021, il jouera<br \/>\nsept matches avec l\u2019\u00e9quipe premi\u00e8re avant de quitter le club de la<br \/>\ncapitale, libre de tout contrat. Il rejoindra le <strong>Bar\u00e7a<br \/>\nB<\/strong> avant de signer \u00e0 <strong>Auxerre<\/strong> seulement un<br \/>\nan apr\u00e8s. Mais un an apr\u00e8s son arriv\u00e9e, l\u2019<strong>AJA<\/strong><br \/>\nr\u00e9silie son contrat. Il rebondit en D2 Belge, aux <strong><a href=\"https:\/\/canal-supporters.com\/ancien-espoir-du-psg-kays-ruiz-atil-signe-en-d2-belge\/\" title=\"\" rel=\"nofollow noopener\" target=\"_blank\">Francs Borains<\/a><\/strong>, durant l\u2019\u00e9t\u00e9 2024. Ces<br \/>\nderniers jours, <strong>Kays Ruiz-Atil<\/strong> est revenu dans<br \/>\nl\u2019actualit\u00e9 du <strong>PSG<\/strong>. En effet, dans le podcast<br \/>\n\u00ab\u00a0Tengo Un Plan\u00a0\u00bb, <strong>Ander<br \/>\nHerrera<\/strong> a d\u00e9voil\u00e9 une conversation qu\u2019il avait eu avec<br \/>\n<strong>Angel Di Maria<\/strong> au sujet de <strong>Kays<br \/>\nRuiz-Atil<\/strong>. \u00ab\u00a0C\u2019\u00e9tait une merveille de le voir<br \/>\njouer, il avait un talent fou. Mais je me souviens que la premi\u00e8re<br \/>\nann\u00e9e o\u00f9 il s\u2019entra\u00eene avec nous, il part en vacances avec un jet<br \/>\npriv\u00e9. Apr\u00e8s une semaine d\u2019entra\u00eenement avec nous, je dis \u00e0 Di<br \/>\nMaria : \u2018Il est vraiment bon\u2019. Il m\u2019a r\u00e9pondu : \u2018Oublie, regarde sa<br \/>\nvoiture, regarde comment il met sa chemise Dior\u2019. Je lui ai<br \/>\nr\u00e9torqu\u00e9 que \u00e7a n\u2019avait rien \u00e0 voir et il m\u2019a r\u00e9pliqu\u00e9 :<br \/>\n\u2018Crois-moi, tu verras\u2019. Au final, il a eu raison.\u00a0\u00bb<\/p>\n<p>\u00ab\u00a0Dans le<br \/>\nvestiaire\u00a0du <strong>PSG<\/strong>, on avait parl\u00e9 de \u00e7a avec<br \/>\n<strong>Herrera<\/strong> et <strong>Di Maria<\/strong>. Mais nous,<br \/>\non en rigolait\u00a0\u00bb<\/p>\n<p>Dans une interview accord\u00e9e \u00e0 <a href=\"https:\/\/rmcsport.bfmtv.com\/football\/c-est-tres-dur-de-se-defaire-d-une-etiquette-qu-on-t-a-collee-ses-erreurs-au-psg-son-rebond-en-d2-belge-sa-nouvelle-mentalite-kays-ruiz-atil-se-confie-sans-detour_AN-202509110563.html\" target=\"_blank\" rel=\"noopener nofollow\" title=\"\">RMC Sport<\/a>, le<br \/>\njoueur form\u00e9 au PSG est revenu sur ces d\u00e9clarations. \u00ab\u00a0\u00c7a<br \/>\nfaisait plus d\u2019une semaine que\u00a0j\u2019avais vu que c\u2019\u00e9tait sorti,<br \/>\nmais au d\u00e9but, \u00e7a ne m\u2019avait pas trop touch\u00e9. C\u2019est quand j\u2019ai vu<br \/>\ncomment \u00e7a a \u00e9t\u00e9 repris, avec les commentaires des gens, que \u00e7a m\u2019a<br \/>\ntouch\u00e9. C\u2019est pour \u00e7a que j\u2019ai voulu r\u00e9pondre en story\u00a0sur<br \/>\nInstagram. Parce que \u00e7a a \u00e9t\u00e9 d\u00e9form\u00e9. Dans le vestiaire\u00a0du<br \/>\n<strong>PSG<\/strong>, on avait parl\u00e9 de \u00e7a avec<br \/>\n<strong>Herrera<\/strong> et <strong>Di Maria<\/strong>. Mais nous,<br \/>\non en rigolait. \u00c7a a \u00e9t\u00e9 mal repris. Certes, j\u2019ai fait des erreurs<br \/>\ndans le pass\u00e9. Ils ont raison sur ce qu\u2019ils ont dit, j\u2019ai eu tort,<br \/>\nmais ce sont des choses qui datent d\u2019il y a quatre-cinq ans. Et on<br \/>\nne ressort \u00e7a que maintenant, alors que des gens ont fait bien pire<br \/>\net qu\u2019ils sont l\u00e0 en train de jouer sur les terrains de football.<br \/>\nMoi, on ne me laisse jamais une deuxi\u00e8me chance. J\u2019\u00e9tais au<br \/>\ncourant de cette discussion ? Oui, je le savais. J\u2019en avais<br \/>\nparl\u00e9 avec eux dans le vestiaire.\u00a0\u00bb<\/p>\n<p>A voir aussi : <a href=\"https:\/\/canal-supporters.com\/psg-kays-ruiz-jetais-son-petit-protege\/\" title=\"\" rel=\"nofollow noopener\" target=\"_blank\">Kays Ruiz-Atil : \u00ab\u00a0Nasser Al-Khela\u00effi ? C\u2019\u00e9tait comme<br \/>\nun deuxi\u00e8me papa pour moi\u00a0\u00bb<\/a><\/p>\n<p><a href=\"https:\/\/x.com\/CanalSupporters\" target=\"_blank\" rel=\"noopener nofollow\" title=\"\">canalsupporters.com<\/a><\/p>\n<p>\u00ab\u00a0Des<br \/>\njoueurs du <strong>PSG<\/strong> m\u2019ont mis en garde ? Oui,<br \/>\n<strong>Herrera<\/strong> et <strong>Di Maria<\/strong>,<br \/>\njustement.\u00a0<strong>Kimpembe<\/strong>\u00a0aussi\u00a0\u00bb<\/p>\n<p><strong>Kays Ruiz-Atil<\/strong> a ensuite \u00e9voqu\u00e9 ses erreurs<br \/>\nlorsqu\u2019il \u00e9tait au <strong>PSG<\/strong>.<br \/>\n\u00ab\u00a0<strong>Herrera<\/strong> et <strong>Di Maria<\/strong><br \/>\nl\u2019ont dit. J\u2019ai voyag\u00e9 en jet priv\u00e9, je me suis habill\u00e9 avec des<br \/>\nmarques, les soir\u00e9es\u2026 C\u2019est tr\u00e8s dur de r\u00e9sister quand tu acc\u00e8des \u00e0<br \/>\ntout \u00e7a et que tu vois que tout le monde te dit oui. Moi, j\u2019\u00e9tais<br \/>\njeune, je ne voulais \u00e9couter personne. Ma m\u00e8re et mon oncle me<br \/>\ndisaient toujours\u00a0: \u2018Fais attention \u00e0 ce que tu fais\u2019, mais je<br \/>\nne voulais pas \u00e9couter. Je n\u2019en faisais qu\u2019\u00e0 ma t\u00eate. Des joueurs<br \/>\ndu <strong>PSG<\/strong> m\u2019ont mis en garde ? Oui,<br \/>\n<strong>Herrera<\/strong> et <strong>Di Maria<\/strong>,<br \/>\njustement.\u00a0<strong><a href=\"https:\/\/canal-supporters.com\/le-message-emouvant-de-presnel-kimpembe-apres-son-depart-du-psg\/\" title=\"\" rel=\"nofollow noopener\" target=\"_blank\">Kimpembe<\/a><\/strong>\u00a0aussi. La maman de<br \/>\n<strong>Kylian<\/strong> m\u2019a m\u00eame pr\u00e9venu par rapport aux soir\u00e9es<br \/>\nque je faisais. Une fois, on \u00e9tait sur le parking des pros \u00e0 la fin<br \/>\nde l\u2019entra\u00eenement et elle m\u2019a dit\u00a0: \u2018Attention, arr\u00eate de<br \/>\nsortir, on entend beaucoup ton pr\u00e9nom dans les soir\u00e9es<br \/>\nparisiennes\u2019. Mais j\u2019\u00e9tais trop jeune et immature, je ne voulais<br \/>\npas comprendre. Je voulais profiter comme quelqu\u2019un de mon \u00e2ge. Je<br \/>\nne pensais pas qu\u2019on me pointerait du doigt pour \u00e7a et que \u00e7a<br \/>\naurait autant d\u2019impact pour la suite.\u00a0\u00bb<\/p>\n<p>\u00ab\u00a0Mon<br \/>\nseul regret, c\u2019est de ne pas avoir prolong\u00e9 avec<br \/>\n<strong>Paris<\/strong>\u00ab\u00a0<\/p>\n<p><strong>Kays Ruiz-Atil<\/strong> a enfin \u00e9voqu\u00e9 son regret de<br \/>\nn\u2019avoir pas prolong\u00e9 avec le <strong>PSG<\/strong> \u00e0 la fin de son<br \/>\ncontrat en juin 2021. \u00ab\u00a0Mon seul regret, c\u2019est de ne pas<br \/>\navoir prolong\u00e9 avec <strong>Paris<\/strong>. \u00c0 l\u2019\u00e9poque,<br \/>\n<strong>Kylian<\/strong> me disait souvent de le faire. Mais on ne<br \/>\ns\u2019est pas entendus avec <strong>Leonardo<\/strong>. C\u2019est ce qui m\u2019a<br \/>\nfait quitter <strong>Paris.<\/strong> Les gens disent que j\u2019ai \u00e9t\u00e9<br \/>\ngourmand dans les n\u00e9gociations, c\u2019est totalement faux. Je n\u2019ai<br \/>\njamais \u00e9t\u00e9 gourmand sur ce que j\u2019ai demand\u00e9 pour prolonger ni sur<br \/>\nles contrats que j\u2019ai sign\u00e9s. La seule chose qui m\u2019int\u00e9ressait,<br \/>\nc\u2019\u00e9tait le projet sportif.\u00a0\u00bb<\/p><\/p>\n","protected":false},"excerpt":{"rendered":"Kays Ruiz-Atil a \u00e9t\u00e9 form\u00e9 au PSG, il aura jou\u00e9 sept matches avec l\u2019\u00e9quipe premi\u00e8re avant de d\u00e9finitivement&hellip;\n","protected":false},"author":2,"featured_media":383451,"comment_status":"","ping_status":"","sticky":false,"template":"","format":"standard","meta":{"footnotes":""},"categories":[1410],"tags":[8132,21941,51617,51618,81,51619,63,1011,27,51620,51621,626,91,92,93,51622,60,1616,1617,1618,1619,96],"class_list":{"0":"post-383450","1":"post","2":"type-post","3":"status-publish","4":"format-standard","5":"has-post-thumbnail","7":"category-football","8":"tag-anciens","9":"tag-anciens-psg","10":"tag-ander-herrera","11":"tag-angel-di-maria","12":"tag-canal-supporters","13":"tag-di-maria","14":"tag-football","15":"tag-fr","16":"tag-france","17":"tag-herrera","18":"tag-kays-ruiz-atil","19":"tag-paris","20":"tag-paris-saint-germain","21":"tag-paris-sg","22":"tag-psg","23":"tag-ruiz-atil","24":"tag-sports","25":"tag-titis","26":"tag-titis-du-psg","27":"tag-titis-parisiens","28":"tag-titis-psg","29":"tag-une"},"share_on_mastodon":{"url":"https:\/\/pubeurope.com\/@fr\/115187157943154709","error":""},"_links":{"self":[{"href":"https:\/\/www.europesays.com\/fr\/wp-json\/wp\/v2\/posts\/383450","targetHints":{"allow":["GET"]}}],"collection":[{"href":"https:\/\/www.europesays.com\/fr\/wp-json\/wp\/v2\/posts"}],"about":[{"href":"https:\/\/www.europesays.com\/fr\/wp-json\/wp\/v2\/types\/post"}],"author":[{"embeddable":true,"href":"https:\/\/www.europesays.com\/fr\/wp-json\/wp\/v2\/users\/2"}],"replies":[{"embeddable":true,"href":"https:\/\/www.europesays.com\/fr\/wp-json\/wp\/v2\/comments?post=383450"}],"version-history":[{"count":0,"href":"https:\/\/www.europesays.com\/fr\/wp-json\/wp\/v2\/posts\/383450\/revisions"}],"wp:featuredmedia":[{"embeddable":true,"href":"https:\/\/www.europesays.com\/fr\/wp-json\/wp\/v2\/media\/383451"}],"wp:attachment":[{"href":"https:\/\/www.europesays.com\/fr\/wp-json\/wp\/v2\/media?parent=383450"}],"wp:term":[{"taxonomy":"category","embeddable":true,"href":"https:\/\/www.europesays.com\/fr\/wp-json\/wp\/v2\/categories?post=383450"},{"taxonomy":"post_tag","embeddable":true,"href":"https:\/\/www.europesays.com\/fr\/wp-json\/wp\/v2\/tags?post=383450"}],"curies":[{"name":"wp","href":"https:\/\/api.w.org\/{rel}","templated":true}]}}