{"id":383452,"date":"2025-09-11T18:48:28","date_gmt":"2025-09-11T18:48:28","guid":{"rendered":"https:\/\/www.europesays.com\/fr\/383452\/"},"modified":"2025-09-11T18:48:28","modified_gmt":"2025-09-11T18:48:28","slug":"choque-reellement-emue-cyril-hanouna-et-valerie-benaim-tombent-de-leur-chaise-en-plein-direct","status":"publish","type":"post","link":"https:\/\/www.europesays.com\/fr\/383452\/","title":{"rendered":"\u00ab\u00a0Choqu\u00e9\u00a0\u00bb, \u00ab\u00a0r\u00e9ellement \u00e9mue\u00a0\u00bb&#8230; Cyril Hanouna et Val\u00e9rie Bena\u00efm tombent de leur chaise en plein direct"},"content":{"rendered":"<p data-start=\"176\" data-end=\"620\"><a href=\"https:\/\/www.closermag.fr\/people\/je-le-connais-pas-hyper-bien-cyril-hanouna-met-les-choses-au-point-sur-un-de-ses-chroniqueurs-le-plateau-setrangle-3576246\" target=\"_blank\" rel=\"noopener\"><br \/>\nCyril Hanouna<\/a> sait toujours comment cr\u00e9er la<br \/>\n<strong>surprise<\/strong> en direct. Et ce jeudi 11 septembre sur<br \/>\n<a href=\"https:\/\/www.closermag.fr\/people\/cyril-hanouna-pas-la-pour-clasher-lheure-de-la-metamorphose-pour-lanimateur-3573438\" target=\"_blank\" rel=\"noopener\"><br \/>\nFun Radio<\/a>, il a r\u00e9ussi un coup m\u00e9morable. Aux c\u00f4t\u00e9s de<br \/>\n<a href=\"https:\/\/www.closermag.fr\/tv_tele_realite\/tpmp\/arret-de-tpmp-valerie-benaim-pas-a-plaindre-elle-part-la-tete-haute-3533413\" target=\"_blank\" rel=\"noopener\"><br \/>\nVal\u00e9rie Bena\u00efm<\/a>, l\u2019animateur a d\u00e9voil\u00e9 l\u2019identit\u00e9 d\u2019un invit\u00e9<br \/>\ninattendu : un <strong>fan de la chroniqueuse depuis trente<br \/>\nans<\/strong> qui avait m\u00eame particip\u00e9 \u00e0 une \u00e9mission avec elle dans<br \/>\nles ann\u00e9es 90 sur Canal J. Une <strong>r\u00e9v\u00e9lation<\/strong> qui a<br \/>\nboulevers\u00e9 l\u2019ambiance du plateau et provoqu\u00e9 une vague<br \/>\n<strong>d\u2019\u00e9motion<\/strong>.<\/p>\n<p data-start=\"622\" data-end=\"991\">Tout a commenc\u00e9 lorsque <a href=\"https:\/\/www.closermag.fr\/tv_tele_realite\/cyril-hanouna-derapage-dans-tbt9-lanimateur-narrive-pas-a-se-retenir-et-se-lache-sur-emmanuel-macron-3578299\" target=\"_blank\" rel=\"noopener\"><br \/>\nl\u2019animateur Cyril Hanouna<\/a> a lanc\u00e9 la s\u00e9quence avec humour dans<br \/>\n<a href=\"https:\/\/www.closermag.fr\/tv_tele_realite\/par-jour-capucine-anav-grassement-payee-par-cyril-hanouna-3576516\" target=\"_blank\" rel=\"noopener\"><br \/>\nTout beau, tout fun<\/a> : \u2018\u2018On a trouv\u00e9 quelqu\u2019un qui<br \/>\nest <strong>fan d\u2019elle depuis 30 ans<\/strong>\u2026 Il a m\u00eame fait votre<br \/>\n\u00e9mission lorsque vous <strong>d\u00e9marrez \u00e0 Canal J,<\/strong> Val\u00e9rie.<br \/>\nOn esp\u00e8re que \u00e7a va vous <strong>rafra\u00eechir la m\u00e9moire<br \/>\n!<\/strong>\u201d Quelques instants plus tard, le fameux t\u00e9moin a<br \/>\npris la parole et cr\u00e9\u00e9 un moment t\u00e9l\u00e9visuel totalement<br \/>\ninattendu.<\/p>\n<p>Moment \u00e9motion et surprise<br \/>\ndans l\u2019\u00e9mission de Cyril Hanouna :\u201cC\u2019est dingue !\u201d<\/p>\n<p data-start=\"1021\" data-end=\"1422\">Alors que le candidat Kassim<br \/>\nprend la parole dans l\u2019extrait diffus\u00e9, Cyril Hanouna interrompt<br \/>\naussit\u00f4t : \u2018\u2018Mais non, <strong>Kassim<\/strong>, ce n\u2019est pas<br \/>\npossible, c\u2019est <strong>notre r\u00e9alisateur<\/strong> !\u201d<br \/>\nStup\u00e9fait, il peine \u00e0 y croire : \u2018\u2018Non mais Kassim, ne me dis<br \/>\npas que c\u2019est toi !\u201d Val\u00e9rie Bena\u00efm, visiblement surprise,<br \/>\ns\u2019exclame : \u2018\u2018<strong>Mais attends, mais j\u2019adore<\/strong><br \/>\n!\u201d Kassim confirme, \u00e9mu : \u2018\u2018<strong>C\u2019\u00e9tait en 96, j\u2019avais 8<br \/>\nans. J\u2019ai particip\u00e9 \u00e0 cette \u00e9mission<\/strong>.\u201d<\/p>\n<p data-start=\"1424\" data-end=\"1824\">Une r\u00e9v\u00e9lation qui plonge<br \/>\naussit\u00f4t l\u2019\u00e9quipe dans l\u2019\u00e9motion. \u2018\u2018Mais moi je suis<br \/>\n<strong>choqu\u00e9<\/strong>.\u201d lance \u00a0Cyril Hanouna avant<br \/>\nd\u2019ajouter : \u2018\u2018T\u2019es un <strong>mec de ouf, t\u2019es l\u2019un des<br \/>\nmeilleurs r\u00e9alisateurs<\/strong> que j\u2019ai connus dans ma vie. M\u00eame<br \/>\nquand t\u2019\u00e9tais <strong>petit, je sentais que t\u2019\u00e9tais vou\u00e9 \u00e0 une<br \/>\ngrande carri\u00e8re<\/strong>.\u201d De son c\u00f4t\u00e9, Val\u00e9rie Bena\u00efm<br \/>\nreconna\u00eet \u00eatre \u2018\u2018<strong>r\u00e9ellement \u00e9mue<\/strong>\u201d face \u00e0<br \/>\ncette d\u00e9couverte.<\/p>\n<p>Un<br \/>\nclin d\u2019\u0153il \u00e0 Val\u00e9rie Bena\u00efm et une touche d\u2019humour<\/p>\n<p data-start=\"1884\" data-end=\"2206\">La s\u00e9quence ne s\u2019arr\u00eate pas<br \/>\nl\u00e0. Kassim pousse le jeu un peu plus loin en lan\u00e7ant :<br \/>\n\u2018\u2018<strong>Mon beau-p\u00e8re s\u2019appelle Patrick<\/strong>.\u201d Un<br \/>\nd\u00e9tail qui fait imm\u00e9diatement sourire Val\u00e9rie Bena\u00efm dont le<br \/>\n<strong>compagnon<\/strong> porte le m\u00eame pr\u00e9nom. Cyril Hanouna,<br \/>\namus\u00e9, encha\u00eene : \u2018\u2018Non mais Kassim, dis-nous, qu\u2019est-ce que<br \/>\n<strong>t\u2019aimais chez Val\u00e9rie Bena\u00efm<\/strong> ?\u201d<\/p>\n<p data-start=\"2208\" data-end=\"2457\">Sans h\u00e9siter, l\u2019int\u00e9ress\u00e9<br \/>\nd\u00e9clare avec humour : \u2018\u2018<strong>Son talent, sa gr\u00e2ce, sa<br \/>\nbeaut\u00e9\u2026 et sa moustache.<\/strong>\u201d Un trait d\u2019esprit qui<br \/>\nd\u00e9clenche <strong>l\u2019hilarit\u00e9<\/strong> sur le plateau de Tout<br \/>\nbeau, tout fun et cl\u00f4t cette s\u00e9quence inattendue avec la<br \/>\nl\u00e9g\u00e8ret\u00e9 et l\u2019autod\u00e9rision typiques de l\u2019\u00e9mission.<\/p>\n","protected":false},"excerpt":{"rendered":"Cyril Hanouna sait toujours comment cr\u00e9er la surprise en direct. Et ce jeudi 11 septembre sur Fun Radio,&hellip;\n","protected":false},"author":2,"featured_media":383453,"comment_status":"","ping_status":"","sticky":false,"template":"","format":"standard","meta":{"footnotes":""},"categories":[1359],"tags":[548,1083,58,59,1011,27,973,551],"class_list":{"0":"post-383452","1":"post","2":"type-post","3":"status-publish","4":"format-standard","5":"has-post-thumbnail","7":"category-people","8":"tag-article-simple","9":"tag-cyril-hanouna","10":"tag-divertissement","11":"tag-entertainment","12":"tag-fr","13":"tag-france","14":"tag-people","15":"tag-valerie-benaim"},"share_on_mastodon":{"url":"https:\/\/pubeurope.com\/@fr\/115187161984616044","error":""},"_links":{"self":[{"href":"https:\/\/www.europesays.com\/fr\/wp-json\/wp\/v2\/posts\/383452","targetHints":{"allow":["GET"]}}],"collection":[{"href":"https:\/\/www.europesays.com\/fr\/wp-json\/wp\/v2\/posts"}],"about":[{"href":"https:\/\/www.europesays.com\/fr\/wp-json\/wp\/v2\/types\/post"}],"author":[{"embeddable":true,"href":"https:\/\/www.europesays.com\/fr\/wp-json\/wp\/v2\/users\/2"}],"replies":[{"embeddable":true,"href":"https:\/\/www.europesays.com\/fr\/wp-json\/wp\/v2\/comments?post=383452"}],"version-history":[{"count":0,"href":"https:\/\/www.europesays.com\/fr\/wp-json\/wp\/v2\/posts\/383452\/revisions"}],"wp:featuredmedia":[{"embeddable":true,"href":"https:\/\/www.europesays.com\/fr\/wp-json\/wp\/v2\/media\/383453"}],"wp:attachment":[{"href":"https:\/\/www.europesays.com\/fr\/wp-json\/wp\/v2\/media?parent=383452"}],"wp:term":[{"taxonomy":"category","embeddable":true,"href":"https:\/\/www.europesays.com\/fr\/wp-json\/wp\/v2\/categories?post=383452"},{"taxonomy":"post_tag","embeddable":true,"href":"https:\/\/www.europesays.com\/fr\/wp-json\/wp\/v2\/tags?post=383452"}],"curies":[{"name":"wp","href":"https:\/\/api.w.org\/{rel}","templated":true}]}}