{"id":383456,"date":"2025-09-11T18:50:13","date_gmt":"2025-09-11T18:50:13","guid":{"rendered":"https:\/\/www.europesays.com\/fr\/383456\/"},"modified":"2025-09-11T18:50:13","modified_gmt":"2025-09-11T18:50:13","slug":"erome-des-permanences-du-cote-de-la-bibliotheque-municipale","status":"publish","type":"post","link":"https:\/\/www.europesays.com\/fr\/383456\/","title":{"rendered":"\u00c9r\u00f4me. Des permanences du c\u00f4t\u00e9 de la biblioth\u00e8que municipale"},"content":{"rendered":"<p>L\u2019agr\u00e9able biblioth\u00e8que municipale situ\u00e9e place au march\u00e9 aux fruits, \u00e0 proximit\u00e9 de l\u2019\u00e9cole publique Les Rossignols, est port\u00e9e par des b\u00e9n\u00e9voles, bien regroup\u00e9s autour de Marc Hessabi. Une \u00e9quipe qui assure pour les lecteurs, les petits, les adolescents et les adultes des permanences de 16 heures \u00e0 18 heures les mardis et les vendredis. Le service est gratuit\u00a0: on peut emprunter trois livres pendant trois semaines.<\/p>\n","protected":false},"excerpt":{"rendered":"L\u2019agr\u00e9able biblioth\u00e8que municipale situ\u00e9e place au march\u00e9 aux fruits, \u00e0 proximit\u00e9 de l\u2019\u00e9cole publique Les Rossignols, est port\u00e9e&hellip;\n","protected":false},"author":2,"featured_media":383457,"comment_status":"","ping_status":"","sticky":false,"template":"","format":"standard","meta":{"footnotes":""},"categories":[1357],"tags":[48938,1379,1687,58,2737,59,51623,1011,27,1380,2410],"class_list":{"0":"post-383456","1":"post","2":"type-post","3":"status-publish","4":"format-standard","5":"has-post-thumbnail","7":"category-livres","8":"tag-bassin-de-tain-tournon","9":"tag-books","10":"tag-culture-loisirs","11":"tag-divertissement","12":"tag-edition-romans-nord-drome","13":"tag-entertainment","14":"tag-erome","15":"tag-fr","16":"tag-france","17":"tag-livres","18":"tag-livres-bd"},"share_on_mastodon":{"url":"https:\/\/pubeurope.com\/@fr\/115187169915033918","error":""},"_links":{"self":[{"href":"https:\/\/www.europesays.com\/fr\/wp-json\/wp\/v2\/posts\/383456","targetHints":{"allow":["GET"]}}],"collection":[{"href":"https:\/\/www.europesays.com\/fr\/wp-json\/wp\/v2\/posts"}],"about":[{"href":"https:\/\/www.europesays.com\/fr\/wp-json\/wp\/v2\/types\/post"}],"author":[{"embeddable":true,"href":"https:\/\/www.europesays.com\/fr\/wp-json\/wp\/v2\/users\/2"}],"replies":[{"embeddable":true,"href":"https:\/\/www.europesays.com\/fr\/wp-json\/wp\/v2\/comments?post=383456"}],"version-history":[{"count":0,"href":"https:\/\/www.europesays.com\/fr\/wp-json\/wp\/v2\/posts\/383456\/revisions"}],"wp:featuredmedia":[{"embeddable":true,"href":"https:\/\/www.europesays.com\/fr\/wp-json\/wp\/v2\/media\/383457"}],"wp:attachment":[{"href":"https:\/\/www.europesays.com\/fr\/wp-json\/wp\/v2\/media?parent=383456"}],"wp:term":[{"taxonomy":"category","embeddable":true,"href":"https:\/\/www.europesays.com\/fr\/wp-json\/wp\/v2\/categories?post=383456"},{"taxonomy":"post_tag","embeddable":true,"href":"https:\/\/www.europesays.com\/fr\/wp-json\/wp\/v2\/tags?post=383456"}],"curies":[{"name":"wp","href":"https:\/\/api.w.org\/{rel}","templated":true}]}}