{"id":383465,"date":"2025-09-11T18:55:09","date_gmt":"2025-09-11T18:55:09","guid":{"rendered":"https:\/\/www.europesays.com\/fr\/383465\/"},"modified":"2025-09-11T18:55:09","modified_gmt":"2025-09-11T18:55:09","slug":"jerome-rothen-dezingue-totalement-adrien-rabiot","status":"publish","type":"post","link":"https:\/\/www.europesays.com\/fr\/383465\/","title":{"rendered":"J\u00e9r\u00f4me Rothen d\u00e9zingue totalement Adrien Rabiot"},"content":{"rendered":"<p>Adrien Rabiot n\u2019a pas attendu son d\u00e9part de l\u2019OM pour se mettre du monde \u00e0 dos. L\u2019international tricolore s\u2019\u00e9tait d\u00e9j\u00e0 attir\u00e9 les foudres des supporters parisiens lors de son d\u00e9part libre du club en 2019, et le Classique de la saison derni\u00e8re jou\u00e9 au Parc des Princes lui a rappel\u00e9 \u00e0 quel point son arriv\u00e9e chez le rival marseillais avait raviv\u00e9 cette haine. Mardi, son entr\u00e9e en jeu avec les Bleus face \u00e0 l\u2019Islande (2-1) a \u00e9galement \u00e9t\u00e9 escort\u00e9e de sifflets au Parc et pour <a href=\"https:\/\/www.footmercato.net\/joueur\/jerome-rothen\/\" rel=\"nofollow noopener\" target=\"_blank\">J\u00e9r\u00f4me Rothen<\/a>, c\u2019est logique.<\/p>\n<p>            La suite apr\u00e8s cette publicit\u00e9<\/p>\n<p>\u00abQuand il fait un message comme \u00e7a, \u00e7a veut dire qu\u2019il part \u00e0 contre c\u0153ur de l\u2019OM, et qu\u2019on l\u2019a fait partir. Pour moi, non. Vu qu\u2019il ne donne pas d\u2019explications, il est responsable de la situation, il accepte : \u00ab\u00a0vous m\u2019avez mis sur la liste de transfert\u00a0\u00bb. Quand on voit sa personnalit\u00e9, ses explications et le reflet de sa carri\u00e8re, il ne faut pas s\u2019offusquer des sifflets en \u00e9quipe de <a href=\"https:\/\/www.footmercato.net\/selection\/france\/\" rel=\"nofollow noopener\" target=\"_blank\">france<\/a>. C\u2019est un tout, si tu veux te faire aimer de tout le monde et \u00eatre respect\u00e9, respecte les gens qui sont face \u00e0 toi.\u00bb<\/p>\n<p>\n    Pub. le 11\/09\/2025 19:58<br \/>\n            &#8211; MAJ le 11\/09\/2025 20:47\n    <\/p>\n","protected":false},"excerpt":{"rendered":"Adrien Rabiot n\u2019a pas attendu son d\u00e9part de l\u2019OM pour se mettre du monde \u00e0 dos. L\u2019international tricolore&hellip;\n","protected":false},"author":2,"featured_media":378888,"comment_status":"","ping_status":"","sticky":false,"template":"","format":"standard","meta":{"footnotes":""},"categories":[9],"tags":[1011,27,60],"class_list":{"0":"post-383465","1":"post","2":"type-post","3":"status-publish","4":"format-standard","5":"has-post-thumbnail","7":"category-sports","8":"tag-fr","9":"tag-france","10":"tag-sports"},"share_on_mastodon":{"url":"https:\/\/pubeurope.com\/@fr\/115187189463128745","error":""},"_links":{"self":[{"href":"https:\/\/www.europesays.com\/fr\/wp-json\/wp\/v2\/posts\/383465","targetHints":{"allow":["GET"]}}],"collection":[{"href":"https:\/\/www.europesays.com\/fr\/wp-json\/wp\/v2\/posts"}],"about":[{"href":"https:\/\/www.europesays.com\/fr\/wp-json\/wp\/v2\/types\/post"}],"author":[{"embeddable":true,"href":"https:\/\/www.europesays.com\/fr\/wp-json\/wp\/v2\/users\/2"}],"replies":[{"embeddable":true,"href":"https:\/\/www.europesays.com\/fr\/wp-json\/wp\/v2\/comments?post=383465"}],"version-history":[{"count":0,"href":"https:\/\/www.europesays.com\/fr\/wp-json\/wp\/v2\/posts\/383465\/revisions"}],"wp:featuredmedia":[{"embeddable":true,"href":"https:\/\/www.europesays.com\/fr\/wp-json\/wp\/v2\/media\/378888"}],"wp:attachment":[{"href":"https:\/\/www.europesays.com\/fr\/wp-json\/wp\/v2\/media?parent=383465"}],"wp:term":[{"taxonomy":"category","embeddable":true,"href":"https:\/\/www.europesays.com\/fr\/wp-json\/wp\/v2\/categories?post=383465"},{"taxonomy":"post_tag","embeddable":true,"href":"https:\/\/www.europesays.com\/fr\/wp-json\/wp\/v2\/tags?post=383465"}],"curies":[{"name":"wp","href":"https:\/\/api.w.org\/{rel}","templated":true}]}}