{"id":383470,"date":"2025-09-11T18:58:12","date_gmt":"2025-09-11T18:58:12","guid":{"rendered":"https:\/\/www.europesays.com\/fr\/383470\/"},"modified":"2025-09-11T18:58:12","modified_gmt":"2025-09-11T18:58:12","slug":"maintenant-ca-suffit-la-cpme-soppose-a-la-possibilite-de-reporter-ses-conges-en-cas-darret-maladie","status":"publish","type":"post","link":"https:\/\/www.europesays.com\/fr\/383470\/","title":{"rendered":"\u00ab\u00a0Maintenant, \u00e7a suffit\u00a0\u00bb\u00a0: la CPME s\u2019oppose \u00e0 la possibilit\u00e9 de reporter ses cong\u00e9s en cas d\u2019arr\u00eat maladie"},"content":{"rendered":"<p class=\"paragraph text_align_left lp-f-body-02\">Pour elle, il s\u2019agit d\u2019une d\u00e9cision \u00ab ubuesque \u00bb. La <a href=\"https:\/\/www.leparisien.fr\/societe\/sante\/assurance-maladie-la-cpme-appelle-a-3-jours-de-carence-dans-le-public-comme-dans-le-prive-08-07-2025-2RBH4BKBTZARPH3ZF677N2CFT4.php\" target=\"_blank\" rel=\"noreferrer noopener\">Conf\u00e9d\u00e9ration des petites et moyennes entreprises (CPME)<\/a> s\u2019est dit ce jeudi oppos\u00e9e<a href=\"https:\/\/www.leparisien.fr\/economie\/en-arret-maladie-pendant-vos-conges-payes-vous-avez-desormais-le-droit-de-les-reporter-10-09-2025-WWVMGAF4FVBQBKJQ7V5JKWC6A4.php\" target=\"_blank\" rel=\"noreferrer noopener\"> \u00e0 la d\u00e9cision rendue mercredi par la Cour de cassation<\/a> selon laquelle un salari\u00e9 tombant malade durant ses cong\u00e9s pourra les reporter.<\/p>\n<blockquote class=\"twitter-tweet\">\n<p lang=\"fr\" dir=\"ltr\">\ud83d\udd34Communiqu\u00e9 CPME | Suite \u00e0 la d\u00e9cision de la Cour de cassation d&rsquo;un report possible de ses cong\u00e9s si un salari\u00e9 tombe malade, la CPME appelle le Premier ministre \u00e0 d\u00e9fendre les entreprises \u00e0 Bruxelles et \u00e0 modifier sans d\u00e9lais les textes.<\/p>\n<p>Lire le CP \u25b6\ufe0f <a href=\"https:\/\/t.co\/x3qG1HQOgs\">https:\/\/t.co\/x3qG1HQOgs<\/a> <a href=\"https:\/\/t.co\/5m9vJEuvyT\">pic.twitter.com\/5m9vJEuvyT<\/a><\/p>\n<p>\u2014 CPME (@CPMEnationale) <a href=\"https:\/\/twitter.com\/CPMEnationale\/status\/1966057193062768900?ref_src=twsrc%5Etfw\" target=\"_blank\" rel=\"noopener\">September 11, 2025<\/a><\/p><\/blockquote>\n<p class=\"paragraph text_align_left lp-f-body-02\">\u00ab Au-del\u00e0 des co\u00fbts induits par ces d\u00e9cisions aberrantes, se pose la question plus large de la notion m\u00eame de travail et de sa valeur. Un salari\u00e9 pr\u00e9sent \u00e0 son poste m\u00e9rite-t-il davantage qu\u2019un absent ? C\u2019\u00e9tait la r\u00e8gle. \u00c7a ne l\u2019est plus et cela repr\u00e9sente une formidable injustice \u00bb, \u00e9crit la CPME <a href=\"https:\/\/www.cpme.fr\/espace-presse\/communiques-de-presse\/maintenant-ca-suffit\" target=\"_blank\" rel=\"noreferrer noopener\">dans son communiqu\u00e9<\/a> intitul\u00e9 \u00ab Maintenant, \u00e7a suffit ! \u00bb.<\/p>\n<p>Un appel \u00e0 S\u00e9bastien Lecornu<\/p>\n<p class=\"paragraph text_align_left lp-f-body-02\">\u00ab Les abus se multiplient, l\u2019explosion des arr\u00eats maladies d\u00e9sorganise les entreprises et menace l\u2019\u00e9quilibre financier de la S\u00e9curit\u00e9 sociale. Qu\u2019\u00e0 cela ne tienne, allons plus loin \u00bb, ironise \u00e9galement la CPME en parlant de \u00ab la d\u00e9cision ubuesque <a href=\"https:\/\/www.leparisien.fr\/vie-de-bureau\/un-salarie-en-arret-maladie-pourra-acquerir-des-conges-payes-pourquoi-les-regles-devraient-changer-22-09-2023-MJTTH2QCOZC7HPYL37JM3YWWH4.php\" target=\"_blank\" rel=\"noreferrer noopener\">imposant le calcul de cong\u00e9s pay\u00e9s pendant la dur\u00e9e de ses arr\u00eats maladie<\/a> \u00bb et en accusant la Cour de cassation de \u00ab surench\u00e8re \u00bb.<\/p>\n<p class=\"paragraph text_align_left lp-f-body-02\">\u00ab La CPME en appelle <a href=\"https:\/\/www.leparisien.fr\/politique\/sebastien-lecornu-nouveau-premier-ministre-aux-armees-le-bilan-dun-fana-mili-10-09-2025-ZZU7FXLUAFDPROSWRYGG6G34PE.php\" target=\"_blank\" rel=\"noreferrer noopener\">au nouveau Premier ministre<\/a> pour que la France d\u00e9fende enfin ses entreprises \u00e0 Bruxelles. Et elle entend que des d\u00e9marches soient imm\u00e9diatement entreprises pour modifier les textes \u00e0 la base de ces d\u00e9cisions ubuesques \u00bb, conclut la conf\u00e9d\u00e9ration des petites et moyennes entreprises.<\/p>\n<p class=\"paragraph text_align_left lp-f-body-02\">Ce mercredi, la Cour de cassation a act\u00e9 qu\u2019un salari\u00e9 qui tombe malade pendant ses vacances a \u00ab le droit de voir son cong\u00e9 pay\u00e9 report\u00e9 \u00bb. En droit europ\u00e9en, \u00ab l\u2019objectif du cong\u00e9 pay\u00e9 est de permettre aux salari\u00e9s non seulement de se reposer, mais aussi de profiter d\u2019une p\u00e9riode de d\u00e9tente et de loisirs \u00bb, rappelait la plus haute juridiction fran\u00e7aise.<\/p>\n<p class=\"paragraph text_align_left lp-f-body-02\">Selon cette derni\u00e8re, l\u2019objectif du cong\u00e9 maladie est diff\u00e9rent : il doit \u00ab permettre aux salari\u00e9s de se r\u00e9tablir d\u2019un probl\u00e8me de sant\u00e9 \u00bb, poursuivait-elle dans son communiqu\u00e9 en expliquant que \u00ab ces deux droits n\u2019ont donc pas la m\u00eame finalit\u00e9 \u00bb.<\/p>\n<p><script async src=\"https:\/\/platform.twitter.com\/widgets.js\" charset=\"utf-8\"><\/script><\/p>\n","protected":false},"excerpt":{"rendered":"Pour elle, il s\u2019agit d\u2019une d\u00e9cision \u00ab ubuesque \u00bb. La Conf\u00e9d\u00e9ration des petites et moyennes entreprises (CPME) s\u2019est&hellip;\n","protected":false},"author":2,"featured_media":383471,"comment_status":"","ping_status":"","sticky":false,"template":"","format":"standard","meta":{"footnotes":""},"categories":[6],"tags":[35,33,34,341,1011,27],"class_list":{"0":"post-383470","1":"post","2":"type-post","3":"status-publish","4":"format-standard","5":"has-post-thumbnail","7":"category-economie","8":"tag-business","9":"tag-economie","10":"tag-economy","11":"tag-emploi","12":"tag-fr","13":"tag-france"},"share_on_mastodon":{"url":"https:\/\/pubeurope.com\/@fr\/115187201248573346","error":""},"_links":{"self":[{"href":"https:\/\/www.europesays.com\/fr\/wp-json\/wp\/v2\/posts\/383470","targetHints":{"allow":["GET"]}}],"collection":[{"href":"https:\/\/www.europesays.com\/fr\/wp-json\/wp\/v2\/posts"}],"about":[{"href":"https:\/\/www.europesays.com\/fr\/wp-json\/wp\/v2\/types\/post"}],"author":[{"embeddable":true,"href":"https:\/\/www.europesays.com\/fr\/wp-json\/wp\/v2\/users\/2"}],"replies":[{"embeddable":true,"href":"https:\/\/www.europesays.com\/fr\/wp-json\/wp\/v2\/comments?post=383470"}],"version-history":[{"count":0,"href":"https:\/\/www.europesays.com\/fr\/wp-json\/wp\/v2\/posts\/383470\/revisions"}],"wp:featuredmedia":[{"embeddable":true,"href":"https:\/\/www.europesays.com\/fr\/wp-json\/wp\/v2\/media\/383471"}],"wp:attachment":[{"href":"https:\/\/www.europesays.com\/fr\/wp-json\/wp\/v2\/media?parent=383470"}],"wp:term":[{"taxonomy":"category","embeddable":true,"href":"https:\/\/www.europesays.com\/fr\/wp-json\/wp\/v2\/categories?post=383470"},{"taxonomy":"post_tag","embeddable":true,"href":"https:\/\/www.europesays.com\/fr\/wp-json\/wp\/v2\/tags?post=383470"}],"curies":[{"name":"wp","href":"https:\/\/api.w.org\/{rel}","templated":true}]}}