{"id":383472,"date":"2025-09-11T18:59:16","date_gmt":"2025-09-11T18:59:16","guid":{"rendered":"https:\/\/www.europesays.com\/fr\/383472\/"},"modified":"2025-09-11T18:59:16","modified_gmt":"2025-09-11T18:59:16","slug":"ursula-von-der-leyen-desormais-visee-par-deux-motions-de-censure-au-parlement","status":"publish","type":"post","link":"https:\/\/www.europesays.com\/fr\/383472\/","title":{"rendered":"Ursula von\u00a0der\u00a0Leyen d\u00e9sormais vis\u00e9e par deux motions de censure au Parlement"},"content":{"rendered":"<p>        <img decoding=\"async\" loading=\"lazy\" src=\"https:\/\/www.europesays.com\/fr\/wp-content\/uploads\/2025\/09\/d88adce_sirius-fs-upload-1-x4oqmghbttrl-1741762706207-000-1x247r.jpg\"  width=\"728\" height=\"410\" alt=\"La pr\u00e9sidente de la commission europ\u00e9enne, Ursula von der Leyen, photographi\u00e9e le 8\u00a0septembre 2020\u00a0\"\/>  <\/p>\n<p>ARIS OIKONOMOU \/ AFP<\/p>\n<p>La pr\u00e9sidente de la commission europ\u00e9enne, Ursula von der Leyen, photographi\u00e9e le 8\u00a0septembre 2020\u00a0<\/p>\n<p class=\"asset asset-text\">POLITIQUE &#8211; Chacune son tour. Apr\u00e8s l\u2019extr\u00eame droite, la gauche radicale a annonc\u00e9 ce jeudi 11\u00a0septembre au Parlement europ\u00e9en le d\u00e9p\u00f4t d\u2019une motion de censure contre la pr\u00e9sidente de la Commission <a href=\"https:\/\/www.huffingtonpost.fr\/international\/article\/comment-une-interference-russe-presumee-a-force-un-avion-transportant-ursula-von-der-leyen-a-atterrir_254253.html\" target=\"_blank\" rel=\"noopener\">Ursula von der Leyen<\/a>. La cheffe du groupe, <a href=\"https:\/\/www.huffingtonpost.fr\/politique\/article\/en-pologne-mathilde-panot-et-manon-aubry-ont-remis-des-pilules-abortives-a-une-association-pro-ivg_249431.html\" target=\"_blank\" rel=\"noopener\">Manon Aubry<\/a>, a indiqu\u00e9 avoir recueilli le nombre de signatures n\u00e9cessaires (72) pour d\u00e9poser cette motion, qui pourrait \u00eatre d\u00e9battue dans quelques semaines \u00e0 Strasbourg.<\/p>\n<p class=\"asset asset-text\">Pour justifier cette tentative de censure, Manon Aubry accuse l\u2019Union europ\u00e9enne de \u00ab\u00a0complicit\u00e9\u00a0\u00bb dans le \u00ab\u00a0g\u00e9nocide\u00a0\u00bb \u00e0 <a href=\"https:\/\/www.huffingtonpost.fr\/international\/article\/a-gaza-ville-benjamin-netanyahu-donne-un-ultimatum-aux-habitants-et-promet-d-encore-intensifier-l-offensive_254576.html\" target=\"_blank\" rel=\"noopener\">Gaza<\/a>, en lui reprochant de \u00ab\u00a0fermer les yeux\u00a0\u00bb sur la situation au Proche-Orient. Ursula von der Leyen a hauss\u00e9 le ton contre le gouvernement isra\u00e9lien mercredi en proposant des sanctions contre des ministres \u00ab\u00a0extr\u00e9mistes\u00a0\u00bb et \u00ab\u00a0une suspension partielle de l\u2019accord d\u2019association\u00a0\u00bb UE &#8211; Isra\u00ebl, sur le volet commercial.<\/p>\n<p class=\"asset asset-text\">Mais Manon Aubry n\u2019y voit que des \u00ab\u00a0demi-mesures\u00a0\u00bb trop tardives, lesquelles seront par ailleurs difficiles \u00e0 faire adopter par des Etats membres profond\u00e9ment divis\u00e9s sur le sujet. La gauche radicale fustige \u00e9galement l\u2019accord commercial scell\u00e9 fin juillet avec <a href=\"https:\/\/www.huffingtonpost.fr\/politique\/article\/apres-son-accord-avec-donald-trump-ursula-von-der-leyen-acheve-d-exasperer-la-macronie_253045.html\" target=\"_blank\" rel=\"noopener\">Donald Trump<\/a>, une \u00ab\u00a0vassalisation\u00a0\u00bb vis-\u00e0-vis des \u00c9tats-Unis, estime Manon Aubry.<\/p>\n<p class=\"asset asset-text\">L\u2019eurod\u00e9put\u00e9e fran\u00e7aise d\u00e9nonce enfin l\u2019accord de libre-\u00e9change avec les pays latino-am\u00e9ricains du Mercosur et ses \u00ab\u00a0cons\u00e9quences terribles\u00a0\u00bb pour l\u2019environnement.<\/p>\n<p>                     Une censure qui a peu de chances d\u2019aboutir    <\/p>\n<p class=\"asset asset-text\">Cette tentative de censure comme celle de l\u2019extr\u00eame droite, deux initiatives distinctes, sont toutefois vou\u00e9es \u00e0 l\u2019\u00e9chec, car droite, centristes et sociaux-d\u00e9mocrates n\u2019ont pas l\u2019intention de renverser Ursula von der Leyen. Et le groupe de Manon Aubry ne compte pas voter la motion de censure d\u00e9pos\u00e9e par les Patriotes de Jordan Bardella, accus\u00e9s \u00ab\u00a0d\u2019obsessions rances\u00a0\u00bb et \u00ab\u00a0racistes\u00a0\u00bb.<\/p>\n<p class=\"asset asset-text\">D\u00e9but juillet, le Parlement europ\u00e9en avait largement repouss\u00e9 une motion de censure d\u2019extr\u00eame droite visant la pr\u00e9sidente de la Commission europ\u00e9enne. Issue de la droite (PPE), Ursula von der Leyen n\u2019avait toutefois pas \u00e9chapp\u00e9 aux critiques de ses alli\u00e9s centristes et sociaux-d\u00e9mocrates quant \u00e0 sa m\u00e9thode.<\/p>\n<p class=\"asset asset-text\">Ils lui reprochaient sa gestion trop verticale et accusent le PPE de cultiver l\u2019ambigu\u00eft\u00e9 avec l\u2019extr\u00eame droite pour mieux remettre en cause des lois environnementales. L\u2019eurod\u00e9put\u00e9e Renews Val\u00e9rie Hayer avait \u00e9trill\u00e9 l\u2019attitude de la pr\u00e9sidente dans une prise de parole in\u00e9dite de par son ton courrouc\u00e9, <a href=\"https:\/\/www.huffingtonpost.fr\/politique\/article\/ursula-von-der-leyen-etrillee-par-valerie-hayer-les-macronistes-furieux-contre-la-presidente-de-la-commission_252361.html\" target=\"_blank\" rel=\"noopener\">comme Le HuffPost l\u2019expliquait ici.<\/a><\/p>\n<p class=\"asset asset-text\">Les d\u00e9bats sur les motions de censure permettront de mesurer l\u2019effritement de cette majorit\u00e9 dite \u00ab\u00a0pro-europ\u00e9enne\u00a0\u00bb qu\u2019Ursula von der Leyen s\u2019est efforc\u00e9e de rassurer mercredi lors d\u2019un discours consacr\u00e9 \u00e0 ses priorit\u00e9s politiques dans les douze mois qui viennent.<\/p>\n","protected":false},"excerpt":{"rendered":"ARIS OIKONOMOU \/ AFP La pr\u00e9sidente de la commission europ\u00e9enne, Ursula von der Leyen, photographi\u00e9e le 8\u00a0septembre 2020\u00a0&hellip;\n","protected":false},"author":2,"featured_media":383473,"comment_status":"","ping_status":"","sticky":false,"template":"","format":"standard","meta":{"footnotes":""},"categories":[5],"tags":[11,1011,27,14,27012,12,8552,316,364,2544,28],"class_list":{"0":"post-383472","1":"post","2":"type-post","3":"status-publish","4":"format-standard","5":"has-post-thumbnail","7":"category-international","8":"tag-actualites","9":"tag-fr","10":"tag-france","11":"tag-international","12":"tag-manon-aubry","13":"tag-news","14":"tag-parlement-europeen","15":"tag-politique","16":"tag-union-europeenne","17":"tag-ursula-von-der-leyen","18":"tag-world"},"share_on_mastodon":{"url":"https:\/\/pubeurope.com\/@fr\/115187205395757441","error":""},"_links":{"self":[{"href":"https:\/\/www.europesays.com\/fr\/wp-json\/wp\/v2\/posts\/383472","targetHints":{"allow":["GET"]}}],"collection":[{"href":"https:\/\/www.europesays.com\/fr\/wp-json\/wp\/v2\/posts"}],"about":[{"href":"https:\/\/www.europesays.com\/fr\/wp-json\/wp\/v2\/types\/post"}],"author":[{"embeddable":true,"href":"https:\/\/www.europesays.com\/fr\/wp-json\/wp\/v2\/users\/2"}],"replies":[{"embeddable":true,"href":"https:\/\/www.europesays.com\/fr\/wp-json\/wp\/v2\/comments?post=383472"}],"version-history":[{"count":0,"href":"https:\/\/www.europesays.com\/fr\/wp-json\/wp\/v2\/posts\/383472\/revisions"}],"wp:featuredmedia":[{"embeddable":true,"href":"https:\/\/www.europesays.com\/fr\/wp-json\/wp\/v2\/media\/383473"}],"wp:attachment":[{"href":"https:\/\/www.europesays.com\/fr\/wp-json\/wp\/v2\/media?parent=383472"}],"wp:term":[{"taxonomy":"category","embeddable":true,"href":"https:\/\/www.europesays.com\/fr\/wp-json\/wp\/v2\/categories?post=383472"},{"taxonomy":"post_tag","embeddable":true,"href":"https:\/\/www.europesays.com\/fr\/wp-json\/wp\/v2\/tags?post=383472"}],"curies":[{"name":"wp","href":"https:\/\/api.w.org\/{rel}","templated":true}]}}