{"id":383474,"date":"2025-09-11T19:00:19","date_gmt":"2025-09-11T19:00:19","guid":{"rendered":"https:\/\/www.europesays.com\/fr\/383474\/"},"modified":"2025-09-11T19:00:19","modified_gmt":"2025-09-11T19:00:19","slug":"une-femme-mise-en-examen-pour-le-meurtre-dun-sans-abri","status":"publish","type":"post","link":"https:\/\/www.europesays.com\/fr\/383474\/","title":{"rendered":"une femme mise en examen pour le meurtre d&rsquo;un sans-abri"},"content":{"rendered":"<p>La mise en cause, r\u00e9sidant \u00e0 Pouanc\u00e9 avec son compagnon et leur b\u00e9b\u00e9 de deux mois, avait pass\u00e9 l\u2019apr\u00e8s-midi de lundi \u00e0 boire avec la victime de 28 ans, \u00abconnue pour \u00eatre SDF dans le secteur\u00bb, d\u2019apr\u00e8s le procureur.<\/p>\n<p class=\"fig-paragraph\">Une femme soup\u00e7onn\u00e9e d&rsquo;avoir poignard\u00e9 un homme sans domicile fixe \u00e0 Pouanc\u00e9 (<a href=\"https:\/\/www.lefigaro.fr\/tag\/maine-et-loire?msockid=32699287063066cb00c584d9078767ed\" target=\"_blank\" rel=\"sponsored noopener\" data-gtm-custom-categorie=\"navigation\" data-gtm-custom-action=\"crossclick\" data-gtm-custom-label=\"Contextuel\" data-gtm-event=\"customEventSPE\">Maine-et-Loire<\/a>) dans la nuit de lundi \u00e0 mardi apr\u00e8s une soir\u00e9e alcoolis\u00e9e a \u00e9t\u00e9 mise en examen pour meurtre, a-t-on appris jeudi aupr\u00e8s du parquet.<\/p>\n<p class=\"fig-paragraph\">La femme de 28 ans a \u00e9t\u00e9 mise en examen pour \u00abmeurtre commis par une personne agissant en \u00e9tat d&rsquo;ivresse manifeste\u00bb et plac\u00e9e en d\u00e9tention provisoire, a indiqu\u00e9 \u00e0 l&rsquo;AFP le procureur de la R\u00e9publique d&rsquo;Angers Eric Bouillard, confirmant une information du quotidien\u00a0<a href=\"https:\/\/www.ouest-france.fr\/faits-divers\/meurtres\/info-ouest-france-un-homme-meurt-dans-le-maine-et-loire-une-enquete-ouverte-pour-homicide-f331d6a2-8d4b-11f0-b582-5820cfc46140\" target=\"_blank\" rel=\"sponsored noopener\" data-gtm-custom-categorie=\"navigation\" data-gtm-custom-action=\"crossclick\" data-gtm-custom-label=\"Contextuel\" data-gtm-event=\"customEventSPE\">Ouest-France<\/a> . La mise en cause, r\u00e9sidant \u00e0 Pouanc\u00e9 avec son compagnon et leur b\u00e9b\u00e9 de deux mois, avait pass\u00e9 l&rsquo;apr\u00e8s-midi de lundi \u00e0 boire avec la victime de 28 ans, \u00abconnue pour \u00eatre SDF dans le secteur\u00bb, d&rsquo;apr\u00e8s le procureur.<\/p>\n<p>                                    <a class=\"fig-a11y-skip a11y-hidden\" href=\"#fig-a11y-skip-main-inarticle\"><br \/>\n        Passer la publicit\u00e9<br \/>\n    <\/a><\/p>\n<p>\u00abAltercation\u00bb<\/p>\n<p class=\"fig-paragraph\">Le duo, rejoint par le compagnon de la mise en cause, avait poursuivi la soir\u00e9e au domicile du couple, continuant \u00e0 boire, jusque tard dans la soir\u00e9e. Apr\u00e8s une \u00abaltercation\u00bb, le couple aurait mis la victime \u00e0 la porte, a d\u00e9taill\u00e9 Eric Bouillard.<\/p>\n<p class=\"fig-paragraph\">La victime est rest\u00e9e devant leur domicile et l&rsquo;altercation aurait repris. L&rsquo;homme de 28 ans a alors re\u00e7u un coup port\u00e9 par le compagnon, puis deux coups de couteau au cou donn\u00e9s par la jeune femme, selon le procureur. \u00abL&rsquo;enqu\u00eate de voisinage n&rsquo;a pas permis de recueillir d&rsquo;autres t\u00e9moignages\u00bb pour compl\u00e9ter les premiers \u00e9l\u00e9ments de l&rsquo;enqu\u00eate, confi\u00e9e \u00e0 la brigade de recherches de Segr\u00e9-en-Anjou Bleu, a ajout\u00e9 le magistrat.<\/p>\n","protected":false},"excerpt":{"rendered":"La mise en cause, r\u00e9sidant \u00e0 Pouanc\u00e9 avec son compagnon et leur b\u00e9b\u00e9 de deux mois, avait pass\u00e9&hellip;\n","protected":false},"author":2,"featured_media":383475,"comment_status":"","ping_status":"","sticky":false,"template":"","format":"standard","meta":{"footnotes":""},"categories":[4],"tags":[11,1011,27,13291,777,12,25],"class_list":{"0":"post-383474","1":"post","2":"type-post","3":"status-publish","4":"format-standard","5":"has-post-thumbnail","7":"category-france","8":"tag-actualites","9":"tag-fr","10":"tag-france","11":"tag-maine-et-loire","12":"tag-meurtre","13":"tag-news","14":"tag-republique-francaise"},"share_on_mastodon":{"url":"https:\/\/pubeurope.com\/@fr\/115187209142432838","error":""},"_links":{"self":[{"href":"https:\/\/www.europesays.com\/fr\/wp-json\/wp\/v2\/posts\/383474","targetHints":{"allow":["GET"]}}],"collection":[{"href":"https:\/\/www.europesays.com\/fr\/wp-json\/wp\/v2\/posts"}],"about":[{"href":"https:\/\/www.europesays.com\/fr\/wp-json\/wp\/v2\/types\/post"}],"author":[{"embeddable":true,"href":"https:\/\/www.europesays.com\/fr\/wp-json\/wp\/v2\/users\/2"}],"replies":[{"embeddable":true,"href":"https:\/\/www.europesays.com\/fr\/wp-json\/wp\/v2\/comments?post=383474"}],"version-history":[{"count":0,"href":"https:\/\/www.europesays.com\/fr\/wp-json\/wp\/v2\/posts\/383474\/revisions"}],"wp:featuredmedia":[{"embeddable":true,"href":"https:\/\/www.europesays.com\/fr\/wp-json\/wp\/v2\/media\/383475"}],"wp:attachment":[{"href":"https:\/\/www.europesays.com\/fr\/wp-json\/wp\/v2\/media?parent=383474"}],"wp:term":[{"taxonomy":"category","embeddable":true,"href":"https:\/\/www.europesays.com\/fr\/wp-json\/wp\/v2\/categories?post=383474"},{"taxonomy":"post_tag","embeddable":true,"href":"https:\/\/www.europesays.com\/fr\/wp-json\/wp\/v2\/tags?post=383474"}],"curies":[{"name":"wp","href":"https:\/\/api.w.org\/{rel}","templated":true}]}}