{"id":383478,"date":"2025-09-11T19:02:56","date_gmt":"2025-09-11T19:02:56","guid":{"rendered":"https:\/\/www.europesays.com\/fr\/383478\/"},"modified":"2025-09-11T19:02:56","modified_gmt":"2025-09-11T19:02:56","slug":"une-serie-de-france-2-entierement-tournee-a-saint-etienne","status":"publish","type":"post","link":"https:\/\/www.europesays.com\/fr\/383478\/","title":{"rendered":"Une s\u00e9rie de France 2 enti\u00e8rement tourn\u00e9e \u00e0 Saint-\u00c9tienne\u00a0!\u00a0"},"content":{"rendered":"<p>La s\u00e9rie \u00ab\u00a0Immeuble Partag\u00e9\u00a0\u00bb est diffus\u00e9e tous les samedis \u00e0 21h sur France 2. Le tournage s&rsquo;est effectu\u00e9 en octobre 2024 \u00e0 Saint-\u00c9tienne, plus exactement au Palais des Spectacles et au Cr\u00eat-de-Roc.<\/p>\n<p>Un tournage 100% lig\u00e9rien ! La s\u00e9rie <b>\u00ab\u00a0Immeuble Partag\u00e9\u00a0\u00bb<\/b> diffus\u00e9e depuis le<b> 1er septembre sur France 2 <\/b>a \u00e9t\u00e9 exclusivement tourn\u00e9e \u00e0 <b>Saint-\u00c9tienne<\/b>.<\/p>\n<p>Pour les d\u00e9cors int\u00e9rieurs, un plateau a \u00e9t\u00e9 install\u00e9 au <b>Palais des Spectacles<\/b> situ\u00e9 dans le parc Fran\u00e7ois Mitterrand.<\/p>\n<p>Le tournage dans un v\u00e9ritable immeuble partag\u00e9 \u00e0 Saint-\u00c9tienne<\/p>\n<p>Pour l&rsquo;ext\u00e9rieur, les \u00e9quipes ont \u00e9t\u00e9 charm\u00e9es par <b>l&rsquo;immeuble partag\u00e9 des Castors<\/b> au <b>Cr\u00eat-de-Roc<\/b>, comme explique Sophie Deloche, productrice pour Asthart\u00e9 &amp; Compagnie, l&rsquo;une des deux soci\u00e9t\u00e9s en charge de la s\u00e9rie :<\/p>\n<blockquote><p>\u00ab\u00a0On a trouv\u00e9 cet immeuble tr\u00e8s int\u00e9ressant visuellement, et les gens des Castors tr\u00e8s sympas. C&rsquo;est un vrai projet d&rsquo;immeuble partag\u00e9, donc on \u00e9tait content de le mettre en valeur. Visuellement, il est construit avec des horizontales et des verticales qui sont tr\u00e8s int\u00e9ressantes. Il y a le jardin central et des escaliers ext\u00e9rieurs qui permettent un jeu aussi par rapport aux espaces.\u00a0\u00bb<\/p><\/blockquote>\n<p>Bient\u00f4t une saison 2 pour la s\u00e9rie ?<\/p>\n<p><b>\u00ab\u00a0Immeuble Partag\u00e9\u00a0\u00bb<\/b> est compos\u00e9e de <b>46 \u00e9pisodes de deux minutes<\/b> et vient remplacer la s\u00e9rie<b>\u00a0<\/b>\u00ab\u00a0<a class=\"url\" href=\"https:\/\/www.france.tv\/france-2\/vestiaires\/\" target=\"_blank\" rel=\"noopener\">Vestiaire<\/a>\u00ab\u00a0, aussi produite par Asthart\u00e9 &amp; Compagnie. <\/p>\n<p>Elle met en sc\u00e8ne la vie au sein d&rsquo;un immeuble partag\u00e9, avec pour but de\u00a0 \u00ab\u00a0faire rigoler, sourire, s&rsquo;amuser\u00a0\u00bb.<br \/>\u00a0 <\/p>\n<p>Une <b>deuxi\u00e8me saison<\/b> est d&rsquo;or et d\u00e9j\u00e0 pr\u00e9vue. Le tournage se fera toujours \u00e0 Saint-\u00c9tienne en <b>octobre 2025<\/b>.<\/p>\n<p>En attendant, retrouvez tous les \u00e9pisodes de la s\u00e9rie tous les\u00a0<b>samedis \u00e0 21h<\/b>\u00a0sur France 2 ou en replay sur <a class=\"url\" href=\"https:\/\/www.france.tv\/france-2\/immeuble-partage\/\" target=\"_blank\" rel=\"noopener\">France.tv<\/a>.<\/p>\n<p><img loading=\"lazy\" decoding=\"async\" src=\"https:\/\/www.europesays.com\/fr\/wp-content\/uploads\/2025\/09\/1757617376_213_img\" width=\"350\" height=\"200\" border=\"0\" title=\"La braderie de rentr\u00c3\u00a9e dans les rues de Saint-\u00c3\u0089tienne\"\/><\/p>\n<p>\u25baSoci\u00e9t\u00e9<\/p>\n<p style=\"font-size: 22px;\"><b>Saint-\u00c9tienne : coup d&rsquo;envoi de la braderie de rentr\u00e9e en centre-ville<\/b><\/p>\n<p>Les commer\u00e7ants st\u00e9phanois s&rsquo;installent \u00e0 partir&#8230;<\/p>\n<p><\/p>\n","protected":false},"excerpt":{"rendered":"La s\u00e9rie \u00ab\u00a0Immeuble Partag\u00e9\u00a0\u00bb est diffus\u00e9e tous les samedis \u00e0 21h sur France 2. Le tournage s&rsquo;est effectu\u00e9&hellip;\n","protected":false},"author":2,"featured_media":383479,"comment_status":"","ping_status":"","sticky":false,"template":"","format":"standard","meta":{"footnotes":""},"categories":[9653],"tags":[1111,11,2430,51625,1777,674,1011,27,594,51624,12,25,51626,4001,1364],"class_list":{"0":"post-383478","1":"post","2":"type-post","3":"status-publish","4":"format-standard","5":"has-post-thumbnail","7":"category-saint-etienne","8":"tag-actu","9":"tag-actualites","10":"tag-auvergne-rhone-alpes","11":"tag-crt-de-roc","12":"tag-eu","13":"tag-europe","14":"tag-fr","15":"tag-france","16":"tag-france-2","17":"tag-immeuble-partag","18":"tag-news","19":"tag-republique-francaise","20":"tag-srie","21":"tag-saint-etienne","22":"tag-tv"},"share_on_mastodon":{"url":"https:\/\/pubeurope.com\/@fr\/115187220942554920","error":""},"_links":{"self":[{"href":"https:\/\/www.europesays.com\/fr\/wp-json\/wp\/v2\/posts\/383478","targetHints":{"allow":["GET"]}}],"collection":[{"href":"https:\/\/www.europesays.com\/fr\/wp-json\/wp\/v2\/posts"}],"about":[{"href":"https:\/\/www.europesays.com\/fr\/wp-json\/wp\/v2\/types\/post"}],"author":[{"embeddable":true,"href":"https:\/\/www.europesays.com\/fr\/wp-json\/wp\/v2\/users\/2"}],"replies":[{"embeddable":true,"href":"https:\/\/www.europesays.com\/fr\/wp-json\/wp\/v2\/comments?post=383478"}],"version-history":[{"count":0,"href":"https:\/\/www.europesays.com\/fr\/wp-json\/wp\/v2\/posts\/383478\/revisions"}],"wp:featuredmedia":[{"embeddable":true,"href":"https:\/\/www.europesays.com\/fr\/wp-json\/wp\/v2\/media\/383479"}],"wp:attachment":[{"href":"https:\/\/www.europesays.com\/fr\/wp-json\/wp\/v2\/media?parent=383478"}],"wp:term":[{"taxonomy":"category","embeddable":true,"href":"https:\/\/www.europesays.com\/fr\/wp-json\/wp\/v2\/categories?post=383478"},{"taxonomy":"post_tag","embeddable":true,"href":"https:\/\/www.europesays.com\/fr\/wp-json\/wp\/v2\/tags?post=383478"}],"curies":[{"name":"wp","href":"https:\/\/api.w.org\/{rel}","templated":true}]}}