{"id":383488,"date":"2025-09-11T19:10:09","date_gmt":"2025-09-11T19:10:09","guid":{"rendered":"https:\/\/www.europesays.com\/fr\/383488\/"},"modified":"2025-09-11T19:10:09","modified_gmt":"2025-09-11T19:10:09","slug":"lopera-fait-sa-rentree-avec-la-rockstar-du-violon","status":"publish","type":"post","link":"https:\/\/www.europesays.com\/fr\/383488\/","title":{"rendered":"l\u2019Op\u00e9ra fait sa rentr\u00e9e avec la \u00ab\u00a0rockstar du violon\u00a0\u00bb"},"content":{"rendered":"<p>            Par<br \/>\n        <strong><br \/>\n            <a href=\"https:\/\/actu.fr\/auteur\/g-martin\" title=\"Consulter tous les articles de Gil Martin\" rel=\"nofollow noopener\" target=\"_blank\">Gil Martin<\/a><br \/>\n        <\/strong><\/p>\n<p>        Publi\u00e9 le<\/p>\n<p>            11 sept. 2025 \u00e0 20h24        <\/p>\n<p>C\u2019est en compagnie de la rockstar du violon <strong>Nemanja Radulovi\u0107<\/strong> que l\u2019Orchestre national Montpellier Occitanie fera sa rentr\u00e9e \u00e0 l\u2019Op\u00e9ra Com\u00e9die les 12 et 13 septembre 2025. \u00ab\u00a0R\u00e9put\u00e9 pour sa personnalit\u00e9 charismatique et son<strong> approche audacieuse de la musique<\/strong>, le violoniste franco-serbe interpr\u00e9tera avec intensit\u00e9 et brio le Concerto pour violon de compositeur sovi\u00e9tique arm\u00e9nien Aram Khatchatourian\u00a0\u00bb, annonce l\u2019Op\u00e9ra.<\/p>\n<p>Une jeune cheffe russe<\/p>\n<p class=\" wall-content\">Le programme, dirig\u00e9 par <strong>la jeune cheffe russe Anna Rakitina<\/strong>, sera compl\u00e9t\u00e9 par les myst\u00e9rieuses Variations Enigma d\u2019Edward Elgar et l\u2019\u0153uvre contemporaine Magic Simon de la compositrice finlandaise Johanna Ruotsalainen, Prix Unanimes2024.<\/p>\n<p>Un tarif abordable<\/p>\n<p class=\" wall-content\">\u00ab\u00a0Ce concert <strong>\u00e0 tarif abordable<\/strong> (18\u20ac \u00e0 28\u20ac) se veut <strong>un moment populaire<\/strong> afin que tous les publics puissent c\u00e9l\u00e9brer les retrouvailles avec l\u2019orchestre et partager une rentr\u00e9e musicale riche en \u00e9motions\u00a0\u00bb, indique l\u2019Op\u00e9ra.<\/p>\n<p>    <a href=\"https:\/\/www.google.com\/maps\/embed?pb=!1m18!1m12!1m3!1d2888.927896797331!2d3.8764325612283144!3d43.60804287098378!2m3!1f0!2f0!3f0!3m2!1i1024!2i768!4f13.1!3m3!1m2!1s0x12b6afa704feaaab%3A0x96358f2ec1949b2a!2zT3DDqXJhIENvbcOpZGll!5e0!3m2!1sfr!2sfr!4v1756841929875!5m2!1sfr!2sfr\" title=\"Ouvrie le lien\" rel=\"nofollow noopener\" target=\"_blank\">Cliquez ici pour visualiser le contenu<\/a><\/p>\n<p><strong>Infos pratiques<\/strong><br \/>\nConcert symphonique avec Nemanja Radulovi\u0107<br \/>\nRuotsalainen \u2022 Elgar \u2022 Khatchatourian<br \/>\nDirection\u00a0: Anna Rakitina<br \/>\n12 septembre \u00e0 20h<br \/>\n13 septembre \u00e0 19h<br \/>\nA l\u2019Op\u00e9ra Com\u00e9die<br \/>\nTarifs\u00a0: de 18 \u00e0 28 \u20ac<br \/>\nle site\u00a0: <a href=\"http:\/\/www.opera-orchestre-montpellier.fr\" rel=\"nofollow noopener\" target=\"_blank\">www.opera-orchestre-montpellier.fr<\/a>Vid\u00e9os : en ce moment sur Actu<\/p>\n<p class=\" wall-content\">.<\/p>\n<p class=\" wall-content\">Personnalisez votre actualit\u00e9 en ajoutant vos villes et m\u00e9dias en favori avec <a href=\"https:\/\/moncompte.actu.fr\" title=\"D\u00e9couvez Mon Actu\" rel=\"nofollow noopener\" data-trk=\"{&quot;cta&quot;:{&quot;action&quot;:&quot;https:\\\/\\\/moncompte.actu.fr&quot;,&quot;category&quot;:&quot;mon compte&quot;,&quot;from&quot;:&quot;article footer&quot;,&quot;name&quot;:&quot;Mon actu&quot;,&quot;type&quot;:&quot;cta&quot;}}\" target=\"_blank\">Mon Actu<\/a>.<\/p>\n","protected":false},"excerpt":{"rendered":"Par Gil Martin Publi\u00e9 le 11 sept. 2025 \u00e0 20h24 C\u2019est en compagnie de la rockstar du violon&hellip;\n","protected":false},"author":2,"featured_media":383489,"comment_status":"","ping_status":"","sticky":false,"template":"","format":"standard","meta":{"footnotes":""},"categories":[9599],"tags":[1111,11,1697,1777,674,1011,27,1652,2208,12,2680,25],"class_list":{"0":"post-383488","1":"post","2":"type-post","3":"status-publish","4":"format-standard","5":"has-post-thumbnail","7":"category-montpellier","8":"tag-actu","9":"tag-actualites","10":"tag-concert","11":"tag-eu","12":"tag-europe","13":"tag-fr","14":"tag-france","15":"tag-loisirs-culture","16":"tag-montpellier","17":"tag-news","18":"tag-occitanie","19":"tag-republique-francaise"},"share_on_mastodon":{"url":"https:\/\/pubeurope.com\/@fr\/115187248312847062","error":""},"_links":{"self":[{"href":"https:\/\/www.europesays.com\/fr\/wp-json\/wp\/v2\/posts\/383488","targetHints":{"allow":["GET"]}}],"collection":[{"href":"https:\/\/www.europesays.com\/fr\/wp-json\/wp\/v2\/posts"}],"about":[{"href":"https:\/\/www.europesays.com\/fr\/wp-json\/wp\/v2\/types\/post"}],"author":[{"embeddable":true,"href":"https:\/\/www.europesays.com\/fr\/wp-json\/wp\/v2\/users\/2"}],"replies":[{"embeddable":true,"href":"https:\/\/www.europesays.com\/fr\/wp-json\/wp\/v2\/comments?post=383488"}],"version-history":[{"count":0,"href":"https:\/\/www.europesays.com\/fr\/wp-json\/wp\/v2\/posts\/383488\/revisions"}],"wp:featuredmedia":[{"embeddable":true,"href":"https:\/\/www.europesays.com\/fr\/wp-json\/wp\/v2\/media\/383489"}],"wp:attachment":[{"href":"https:\/\/www.europesays.com\/fr\/wp-json\/wp\/v2\/media?parent=383488"}],"wp:term":[{"taxonomy":"category","embeddable":true,"href":"https:\/\/www.europesays.com\/fr\/wp-json\/wp\/v2\/categories?post=383488"},{"taxonomy":"post_tag","embeddable":true,"href":"https:\/\/www.europesays.com\/fr\/wp-json\/wp\/v2\/tags?post=383488"}],"curies":[{"name":"wp","href":"https:\/\/api.w.org\/{rel}","templated":true}]}}