{"id":383490,"date":"2025-09-11T19:11:11","date_gmt":"2025-09-11T19:11:11","guid":{"rendered":"https:\/\/www.europesays.com\/fr\/383490\/"},"modified":"2025-09-11T19:11:11","modified_gmt":"2025-09-11T19:11:11","slug":"collision-le-conducteur-dun-deux-roues-motorise-grievement-blesse","status":"publish","type":"post","link":"https:\/\/www.europesays.com\/fr\/383490\/","title":{"rendered":"collision, le conducteur d&rsquo;un deux-roues motoris\u00e9 gri\u00e8vement bless\u00e9"},"content":{"rendered":"<p>            Par<br \/>\n        <strong><br \/>\n            <a href=\"https:\/\/actu.fr\/auteur\/jm-aubert\" title=\"Consulter tous les articles de Jean-Marc Aubert\" target=\"_blank\" rel=\"noopener\">Jean-Marc Aubert<\/a><br \/>\n        <\/strong><\/p>\n<p>        Publi\u00e9 le<\/p>\n<p>            11 sept. 2025 \u00e0 21h04        <\/p>\n<p>Une<strong> violente collision<\/strong> entre une voiture et un deux-roues motoris\u00e9 a fait un bless\u00e9 grave, ce jeudi 11 septembre en soir\u00e9e, <strong>au Cr\u00e8s<\/strong>, \u00e0 l\u2019est de Montpellier. La victime a pu \u00eatre r\u00e9anim\u00e9e par les services de secours.<\/p>\n<p class=\" wall-content\">L\u2019accident s\u2019est produit vers 19h30, sur l\u2019avenue de Castelnau-le-Lez, sur une portion de la RN 113 au. niveau de l\u2019hypermarch\u00e9 Carrefour, dans des circonstances que vont devoir \u00e9tablir les <strong>gendarmes,<\/strong> sur place, pour interroger notamment le conducteur de la voiture, indemne, mais choqu\u00e9 et d\u2019\u00e9ventuels t\u00e9moins.<\/p>\n<p>    <a href=\"https:\/\/www.google.com\/maps\/embed?pb=!1m18!1m12!1m3!1d5062.155496755509!2d3.9316397353314456!3d43.64064348246791!2m3!1f0!2f0!3f0!3m2!1i1024!2i768!4f13.1!3m3!1m2!1s0x12b6a5dbe9f70b07%3A0x5ba3fa8f506817ab!2sAv.%20de%20Castelnau%2C%2034920!5e0!3m2!1sfr!2sfr!4v1757614943868!5m2!1sfr!2sfr\" title=\"Ouvrie le lien\" target=\"_blank\" rel=\"noopener\">Cliquez ici pour visualiser le contenu<\/a><\/p>\n<p class=\" wall-content\">\u00c0 l\u2019arriv\u00e9e des sapeurs-pompiers du <strong>Sdis 34<\/strong> et d\u2019une \u00e9quipe du <strong>Smur-Samu,<\/strong> le pilote du deux-roues \u00e9tait inconscient et en arr\u00eat cardio-ventilatoire. Gr\u00e2ce aux soins prodigu\u00e9s, cet homme \u00e2g\u00e9 de 23 ans a pu \u00eatre r\u00e9anim\u00e9.<\/p>\n<p class=\" wall-content\">M\u00e9dicalis\u00e9 sur place, il a ensuite \u00e9t\u00e9 transport\u00e9 en urgence absolue au <strong>d\u00e9partement anesth\u00e9sie r\u00e9animation<\/strong> -DAR A- \u00e0 l\u2019h\u00f4pital Lapeyronie, o\u00f9 son \u00e9tat est jug\u00e9 grave. On ignore si ce vingtenaire demeurant dans le secteur de Montpellier circulait \u00e0 moto ou \u00e0 scooter.<\/p>\n<p class=\" wall-content\">Personnalisez votre actualit\u00e9 en ajoutant vos villes et m\u00e9dias en favori avec <a href=\"https:\/\/moncompte.actu.fr\" title=\"D\u00e9couvez Mon Actu\" rel=\"nofollow noopener\" data-trk=\"{&quot;cta&quot;:{&quot;action&quot;:&quot;https:\\\/\\\/moncompte.actu.fr&quot;,&quot;category&quot;:&quot;mon compte&quot;,&quot;from&quot;:&quot;article footer&quot;,&quot;name&quot;:&quot;Mon actu&quot;,&quot;type&quot;:&quot;cta&quot;}}\" target=\"_blank\">Mon Actu<\/a>.<\/p>\n","protected":false},"excerpt":{"rendered":"Par Jean-Marc Aubert Publi\u00e9 le 11 sept. 2025 \u00e0 21h04 Une violente collision entre une voiture et un&hellip;\n","protected":false},"author":2,"featured_media":383491,"comment_status":"","ping_status":"","sticky":false,"template":"","format":"standard","meta":{"footnotes":""},"categories":[9599],"tags":[1111,11,15154,1777,674,118,1011,27,3381,2208,12,2680,1311,25],"class_list":{"0":"post-383490","1":"post","2":"type-post","3":"status-publish","4":"format-standard","5":"has-post-thumbnail","7":"category-montpellier","8":"tag-actu","9":"tag-actualites","10":"tag-chu-de-montpellier","11":"tag-eu","12":"tag-europe","13":"tag-faits-divers","14":"tag-fr","15":"tag-france","16":"tag-gendarmerie","17":"tag-montpellier","18":"tag-news","19":"tag-occitanie","20":"tag-pompiers","21":"tag-republique-francaise"},"share_on_mastodon":{"url":"https:\/\/pubeurope.com\/@fr\/115187252302979881","error":""},"_links":{"self":[{"href":"https:\/\/www.europesays.com\/fr\/wp-json\/wp\/v2\/posts\/383490","targetHints":{"allow":["GET"]}}],"collection":[{"href":"https:\/\/www.europesays.com\/fr\/wp-json\/wp\/v2\/posts"}],"about":[{"href":"https:\/\/www.europesays.com\/fr\/wp-json\/wp\/v2\/types\/post"}],"author":[{"embeddable":true,"href":"https:\/\/www.europesays.com\/fr\/wp-json\/wp\/v2\/users\/2"}],"replies":[{"embeddable":true,"href":"https:\/\/www.europesays.com\/fr\/wp-json\/wp\/v2\/comments?post=383490"}],"version-history":[{"count":0,"href":"https:\/\/www.europesays.com\/fr\/wp-json\/wp\/v2\/posts\/383490\/revisions"}],"wp:featuredmedia":[{"embeddable":true,"href":"https:\/\/www.europesays.com\/fr\/wp-json\/wp\/v2\/media\/383491"}],"wp:attachment":[{"href":"https:\/\/www.europesays.com\/fr\/wp-json\/wp\/v2\/media?parent=383490"}],"wp:term":[{"taxonomy":"category","embeddable":true,"href":"https:\/\/www.europesays.com\/fr\/wp-json\/wp\/v2\/categories?post=383490"},{"taxonomy":"post_tag","embeddable":true,"href":"https:\/\/www.europesays.com\/fr\/wp-json\/wp\/v2\/tags?post=383490"}],"curies":[{"name":"wp","href":"https:\/\/api.w.org\/{rel}","templated":true}]}}