{"id":383492,"date":"2025-09-11T19:12:12","date_gmt":"2025-09-11T19:12:12","guid":{"rendered":"https:\/\/www.europesays.com\/fr\/383492\/"},"modified":"2025-09-11T19:12:12","modified_gmt":"2025-09-11T19:12:12","slug":"les-premieres-images-du-fury-defendu-futur-bar-a-lambiance-postapocalyptique-sur-rouen","status":"publish","type":"post","link":"https:\/\/www.europesays.com\/fr\/383492\/","title":{"rendered":"Les premi\u00e8res images du Fury D\u00e9fendu, futur bar \u00e0 l&rsquo;ambiance postapocalyptique sur Rouen"},"content":{"rendered":"<p>            Par<br \/>\n        <strong><br \/>\n            <a href=\"https:\/\/actu.fr\/auteur\/jessie-leclerc\" title=\"Consulter tous les articles de Jessie Leclerc\" rel=\"nofollow noopener\" target=\"_blank\">Jessie Leclerc<\/a><br \/>\n        <\/strong><\/p>\n<p>        Publi\u00e9 le<\/p>\n<p>            11 sept. 2025 \u00e0 20h40        <\/p>\n<p>Rouen s\u2019appr\u00eate \u00e0 accueillir un lieu unique en son genre. Le 25\u00a0septembre 2025 <a href=\"https:\/\/actu.fr\/normandie\/rouen_76540\/bientot-une-nouvelle-salle-de-concert-en-centre-ville-de-rouen-le-fury-defendu_61653222.html\" rel=\"nofollow noopener\" target=\"_blank\">le Fury D\u00e9fendu<\/a>, petit (grand) fr\u00e8re<strong> du Fury Bar<\/strong>, ouvrira ses portes. Plus grand, plus audacieux et un peu d\u00e9jant\u00e9, ce nouveau bar \u00e0 concerts se veut hors normes. Dans son <strong>ambiance postapocalyptique<\/strong>, il sera possible de prendre un repas le midi et de boire un verre en grignotant le soir. Nous avons eu la chance de d\u00e9couvrir l\u2019avanc\u00e9e du chantier en avant-premi\u00e8re. Images.<\/p>\n<p>Deux associ\u00e9s anim\u00e9s par la passion<\/p>\n<p class=\" wall-content\">\u00c0 la barre, Baptiste Magnan et \u00c9ric Pariche, d\u00e9j\u00e0 \u00e0 l\u2019origine du Fury Bar. Leur premier \u00e9tablissement, place de la Basse Vieille Tour, a rencontr\u00e9 <strong>un grand succ\u00e8s<\/strong>, mais montrait vite ses limites.<\/p>\n<p class=\" wall-content\">\u00ab\u2009Le Fury Bar est un peu trop petit, \u00e7a cr\u00e9ait de la frustration. L\u00e0, on a plus grand et on aura une <strong>meilleure gestion du son<\/strong>\u2009\u00bb, d\u00e9taille Baptiste. Pour lui, ce dernier point est essentiel\u2009: \u00ab\u2009<a href=\"https:\/\/actu.fr\/normandie\/rouen_76540\/c-est-une-punition-un-celebre-bar-de-rouen-force-de-fermer-pour-15-jours_60314131.html\" rel=\"nofollow noopener\" target=\"_blank\">Les plaintes du voisinage<\/a> ne sont pas simples \u00e0 g\u00e9rer et les sanctions quasi instantan\u00e9es. L\u00e0, le seul voisin c\u2019est moi et on a beaucoup travaill\u00e9 sur l\u2019insonorisation\u2009\u00bb, ajoute-t-il.<\/p>\n<p class=\" wall-content\">Le Fury D\u00e9fendu, situ\u00e9 quai Pierre-Corneille dans le local de l\u2019ex-Taverne de Thor, r\u00e9pond donc \u00e0 ce besoin d\u2019espace et d\u2019insonorisation, <strong>tout en gardant la m\u00eame \u00e9nergie<\/strong>. \u00ab\u2009On ne fait pas \u00e7a pour le pognon, mais par passion, confie Baptiste. On aime g\u00e9rer <a href=\"https:\/\/actu.fr\/normandie\/rouen_76540\/combien-ca-coute-de-louer-le-zenith-de-rouen_62163403.html\" rel=\"nofollow noopener\" target=\"_blank\">une salle de concert<\/a>, accueillir des artistes et cr\u00e9er un vrai lieu de vie.\u2009\u00bb<\/p>\n<p class=\" wall-content\">Pas d\u2019inqui\u00e9tudes, le Fury Bar gardera toujours une place sur sa sc\u00e8ne <a href=\"https:\/\/actu.fr\/normandie\/rouen_76540\/apres-bienvenue-a-rouen-andrei-devoile-son-nouveau-single_61686347.html\" rel=\"nofollow noopener\" target=\"_blank\">pour les artistes locaux<\/a>. Ce sont les <strong>plus grosses affiches<\/strong>, plus bruyantes donc, qui habiteront le nouvel \u00e9tablissement.<\/p>\n<p>Une d\u00e9co \u00ab\u2009qui claque\u2009\u00bb<\/p>\n<p class=\" wall-content\">Ce qui fait la particularit\u00e9 du bar, c\u2019est aussi sa d\u00e9coration. Au centre du bar tr\u00f4nera<strong> \u00ab\u2009l\u2019Arbre du Fury D\u00e9fendu\u2009\u00bb<\/strong>, illumin\u00e9 de l\u2019int\u00e9rieur.<\/p>\n<p class=\" wall-content\">Une d\u00e9coration d\u2019envergure enti\u00e8rement faite \u00e0 la main. \u00ab\u2009On voulait quelque chose qui claque, qui raconte une histoire.\u2009\u00bb<\/p>\n<p>Votre r\u00e9gion, votre actu !<\/p>\n<p>Recevez chaque jour les infos qui comptent pour vous.<\/p>\n<p>\t<a href=\"https:\/\/actu.fr\/newsletter\" class=\"ac-btn ac-btn--corner ac-btn--medium ac-btn--blue800\" rel=\"nofollow noopener\" target=\"_blank\">S&rsquo;incrire<\/a><\/p>\n<blockquote class=\"ac-article-quote wall-content\">\n<p>L&rsquo;id\u00e9e c&rsquo;est une nouvelle gen\u00e8se : Et si on donnait une seconde chance \u00e0 l&rsquo;\u00eatre humain ? Si tout recommen\u00e7ait, mais rien correctement ?<\/p>\n<p>    <strong>Baptiste Magnan<\/strong><br \/>\n        G\u00e9rant du Fury D\u00e9fendu avec \u00c9ric Pariche    <\/p><\/blockquote>\n<p class=\" wall-content\"><a href=\"https:\/\/www.instagram.com\/d.h.o.a\/?hl=fr\" rel=\"nofollow noopener\" target=\"_blank\">Le graffeur DHOA<\/a>, connu dans le milieu, signe <strong>les fresques<\/strong> d\u2019une atmosph\u00e8re \u00e0 la fois fantastique et po\u00e9tique qui habilleront les murs.<\/p>\n<p>Une programmation vari\u00e9e<\/p>\n<p class=\" wall-content\">C\u00f4t\u00e9 sc\u00e8ne, le bar pr\u00e9voit <strong>un \u00e9v\u00e9nement par soir d\u2019ouverture<\/strong>. Les deux amis misent sur une programmation vari\u00e9e et originale, \u00e0 leur image. \u00ab\u2009On est ouverts \u00e0 presque tout, sauf peut-\u00eatre le reggae et quelques styles de rap, \u00e7a d\u00e9pend\u2009\u00bb, avoue Baptiste.<\/p>\n<p class=\" wall-content\">Le programmateur Nicolas Gouley, aussi barman au Fury Bar, travaille d\u00e9j\u00e0 \u00e0 attirer des artistes de tous horizons. \u00ab\u2009On n\u2019a pas peur d\u2019aller dans l\u2019originalit\u00e9, on y va franco\u2009\u00bb, sourit le g\u00e9rant.<\/p>\n<p>Se remplir la panse<\/p>\n<p class=\" wall-content\">La carte ne sera pas en reste, notamment sur les boissons. \u00ab\u2009On a une superbe \u00e9quipe de mixologues, fiers de leurs cr\u00e9ations\u2009\u00bb, se r\u00e9jouit Baptiste.<\/p>\n<p class=\" wall-content\">En cuisine, deux chefs proposeront\u2009: le soir, de la<strong> finger food<\/strong> et <a href=\"https:\/\/actu.fr\/normandie\/rouen_76540\/le-comptoir-un-nouveau-bar-a-vins-et-tapas-signe-par-le-chef-de-l-epicurius-a-rouen_62661892.html\" rel=\"nofollow noopener\" target=\"_blank\">des tapas du monde<\/a> (empanadas, poulet frit cor\u00e9en, planches ap\u00e9ro\u2026) et le midi, de la <strong>cuisine traditionnelle<\/strong>, avec principalement des plats en sauce (rougaille saucisse, blanquette de veau, tajine\u2026).<\/p>\n<blockquote class=\"ac-article-quote wall-content\">\n<p>On aura essentiellement des plats en sauce, des plats de grand-m\u00e8re, mais on va faire voyager un peu.<\/p>\n<p>    <strong>Baptiste Magnan<\/strong><br \/>\n        G\u00e9rant du Fury D\u00e9fendu avec \u00c9ric Pariche    <\/p><\/blockquote>\n<p class=\" wall-content\">Les menus tourneront<strong> autour de 20\u00a0euros<\/strong>. \u00ab\u2009On veut du bon produit, du go\u00fbt, et un prix respectable. Pas moins cher que partout, mais avec la qualit\u00e9 et l\u2019ambiance en plus\u2009\u00bb, souligne Baptiste.<\/p>\n<p class=\" wall-content\">Le Fury D\u00e9fendu pourrait devenir la <strong>nouvelle salle de concert<\/strong> incontournable \u00e0 Rouen. C\u2019est en tout cas ce que pr\u00e9tendent les g\u00e9rants. Ce sera un lieu musical, tout en \u00e9tant \u00ab\u2009un bar pour tous\u2009\u00bb, conclu Baptiste.<\/p>\n<p>Suivez l\u2019actualit\u00e9 de Rouen <a href=\"https:\/\/www.whatsapp.com\/channel\/0029VaKfnf99hXF2ddApFB1D\" rel=\"nofollow noopener\" target=\"_blank\">sur notre cha\u00eene WhatsApp<\/a> et <a href=\"https:\/\/www.tiktok.com\/@76actu.fr?lang=fr\" rel=\"nofollow noopener\" target=\"_blank\">sur notre compte TikTok<\/a><\/p>\n<p class=\" wall-content\">Personnalisez votre actualit\u00e9 en ajoutant vos villes et m\u00e9dias en favori avec <a href=\"https:\/\/moncompte.actu.fr\" title=\"D\u00e9couvez Mon Actu\" rel=\"nofollow noopener\" data-trk=\"{&quot;cta&quot;:{&quot;action&quot;:&quot;https:\\\/\\\/moncompte.actu.fr&quot;,&quot;category&quot;:&quot;mon compte&quot;,&quot;from&quot;:&quot;article footer&quot;,&quot;name&quot;:&quot;Mon actu&quot;,&quot;type&quot;:&quot;cta&quot;}}\" target=\"_blank\">Mon Actu<\/a>.<\/p>\n<p>                    <script async src=\"\/\/www.instagram.com\/embed.js\"><\/script><script async src=\"\/\/www.tiktok.com\/embed.js\"><\/script><\/p>\n","protected":false},"excerpt":{"rendered":"Par Jessie Leclerc Publi\u00e9 le 11 sept. 2025 \u00e0 20h40 Rouen s\u2019appr\u00eate \u00e0 accueillir un lieu unique en&hellip;\n","protected":false},"author":2,"featured_media":383493,"comment_status":"","ping_status":"","sticky":false,"template":"","format":"standard","meta":{"footnotes":""},"categories":[9587],"tags":[1111,11,9086,1777,674,1011,27,1757,1652,12,5161,3147,25,9590],"class_list":{"0":"post-383492","1":"post","2":"type-post","3":"status-publish","4":"format-standard","5":"has-post-thumbnail","7":"category-rouen","8":"tag-actu","9":"tag-actualites","10":"tag-bon-plan-a-rouen","11":"tag-eu","12":"tag-europe","13":"tag-fr","14":"tag-france","15":"tag-insolite","16":"tag-loisirs-culture","17":"tag-news","18":"tag-normandie","19":"tag-nouveaux-commerces","20":"tag-republique-francaise","21":"tag-rouen"},"share_on_mastodon":{"url":"https:\/\/pubeurope.com\/@fr\/115187256163554433","error":""},"_links":{"self":[{"href":"https:\/\/www.europesays.com\/fr\/wp-json\/wp\/v2\/posts\/383492","targetHints":{"allow":["GET"]}}],"collection":[{"href":"https:\/\/www.europesays.com\/fr\/wp-json\/wp\/v2\/posts"}],"about":[{"href":"https:\/\/www.europesays.com\/fr\/wp-json\/wp\/v2\/types\/post"}],"author":[{"embeddable":true,"href":"https:\/\/www.europesays.com\/fr\/wp-json\/wp\/v2\/users\/2"}],"replies":[{"embeddable":true,"href":"https:\/\/www.europesays.com\/fr\/wp-json\/wp\/v2\/comments?post=383492"}],"version-history":[{"count":0,"href":"https:\/\/www.europesays.com\/fr\/wp-json\/wp\/v2\/posts\/383492\/revisions"}],"wp:featuredmedia":[{"embeddable":true,"href":"https:\/\/www.europesays.com\/fr\/wp-json\/wp\/v2\/media\/383493"}],"wp:attachment":[{"href":"https:\/\/www.europesays.com\/fr\/wp-json\/wp\/v2\/media?parent=383492"}],"wp:term":[{"taxonomy":"category","embeddable":true,"href":"https:\/\/www.europesays.com\/fr\/wp-json\/wp\/v2\/categories?post=383492"},{"taxonomy":"post_tag","embeddable":true,"href":"https:\/\/www.europesays.com\/fr\/wp-json\/wp\/v2\/tags?post=383492"}],"curies":[{"name":"wp","href":"https:\/\/api.w.org\/{rel}","templated":true}]}}