{"id":383494,"date":"2025-09-11T19:13:13","date_gmt":"2025-09-11T19:13:13","guid":{"rendered":"https:\/\/www.europesays.com\/fr\/383494\/"},"modified":"2025-09-11T19:13:13","modified_gmt":"2025-09-11T19:13:13","slug":"national-le-puy-un-succes-espere-face-a-rouen","status":"publish","type":"post","link":"https:\/\/www.europesays.com\/fr\/383494\/","title":{"rendered":"National. Le Puy\u00a0: un succ\u00e8s esp\u00e9r\u00e9 face \u00e0 Rouen"},"content":{"rendered":"<p> Le Puy &#8211; FC Rouen Ce vendredi \u00e0 19\u00a0h\u00a030, au stade Charles-Massot Avec une quatri\u00e8me rencontre \u00e0 domicile en six journ\u00e9es, ce vendredi soir au stade Charles-Massot, Le Puy Foot se doit de prendre des points \u00e0 l\u2019occasion de la venue du FC Rouen. Avec une d\u00e9faite et deux matchs nuls jusqu\u2019\u00e0 pr\u00e9sent, le bilan chiffr\u00e9 n\u2019est pas celui esp\u00e9r\u00e9, comme le souligne St\u00e9phane Dief. \u00ab\u00a0Comptablement, nous ne sommes pas satisfaits. Sur le contenu, il y a eu de bonnes et de&#8230;<\/p>\n","protected":false},"excerpt":{"rendered":"Le Puy &#8211; FC Rouen Ce vendredi \u00e0 19\u00a0h\u00a030, au stade Charles-Massot Avec une quatri\u00e8me rencontre \u00e0 domicile&hellip;\n","protected":false},"author":2,"featured_media":383495,"comment_status":"","ping_status":"","sticky":false,"template":"","format":"standard","meta":{"footnotes":""},"categories":[9587],"tags":[1111,11,10446,1777,674,63,1011,27,10444,10445,12,5161,25,9590,517],"class_list":{"0":"post-383494","1":"post","2":"type-post","3":"status-publish","4":"format-standard","5":"has-post-thumbnail","7":"category-rouen","8":"tag-actu","9":"tag-actualites","10":"tag-edition-haute-loire","11":"tag-eu","12":"tag-europe","13":"tag-football","14":"tag-fr","15":"tag-france","16":"tag-le-puy-en-velay","17":"tag-le-puy-en-velay-ville","18":"tag-news","19":"tag-normandie","20":"tag-republique-francaise","21":"tag-rouen","22":"tag-sport"},"share_on_mastodon":{"url":"https:\/\/pubeurope.com\/@fr\/115187260070382009","error":""},"_links":{"self":[{"href":"https:\/\/www.europesays.com\/fr\/wp-json\/wp\/v2\/posts\/383494","targetHints":{"allow":["GET"]}}],"collection":[{"href":"https:\/\/www.europesays.com\/fr\/wp-json\/wp\/v2\/posts"}],"about":[{"href":"https:\/\/www.europesays.com\/fr\/wp-json\/wp\/v2\/types\/post"}],"author":[{"embeddable":true,"href":"https:\/\/www.europesays.com\/fr\/wp-json\/wp\/v2\/users\/2"}],"replies":[{"embeddable":true,"href":"https:\/\/www.europesays.com\/fr\/wp-json\/wp\/v2\/comments?post=383494"}],"version-history":[{"count":0,"href":"https:\/\/www.europesays.com\/fr\/wp-json\/wp\/v2\/posts\/383494\/revisions"}],"wp:featuredmedia":[{"embeddable":true,"href":"https:\/\/www.europesays.com\/fr\/wp-json\/wp\/v2\/media\/383495"}],"wp:attachment":[{"href":"https:\/\/www.europesays.com\/fr\/wp-json\/wp\/v2\/media?parent=383494"}],"wp:term":[{"taxonomy":"category","embeddable":true,"href":"https:\/\/www.europesays.com\/fr\/wp-json\/wp\/v2\/categories?post=383494"},{"taxonomy":"post_tag","embeddable":true,"href":"https:\/\/www.europesays.com\/fr\/wp-json\/wp\/v2\/tags?post=383494"}],"curies":[{"name":"wp","href":"https:\/\/api.w.org\/{rel}","templated":true}]}}