{"id":383500,"date":"2025-09-11T19:16:11","date_gmt":"2025-09-11T19:16:11","guid":{"rendered":"https:\/\/www.europesays.com\/fr\/383500\/"},"modified":"2025-09-11T19:16:11","modified_gmt":"2025-09-11T19:16:11","slug":"une-classe-orchestre-fait-ses-premieres-gammes-au-college-du-rheu","status":"publish","type":"post","link":"https:\/\/www.europesays.com\/fr\/383500\/","title":{"rendered":"Une classe orchestre fait ses premi\u00e8res gammes au coll\u00e8ge du Rheu"},"content":{"rendered":"<p>\u00a0Cette exp\u00e9rience de classe orchestre et ce partenariat avec le coll\u00e8ge Georges Brassens, c\u2019est une premi\u00e8re\u00a0 se r\u00e9jouit Blandine Berthelot, coordinatrice de l\u2019\u00e9cole de musique de la Flume.<\/p>\n<p>Douze \u00e9l\u00e8ves d\u2019abord, puis 36<\/p>\n<p>Lundi 8\u00a0septembre 2025, les douze \u00e9l\u00e8ves ont \u00e9t\u00e9 convi\u00e9s avec leurs parents dans la grande salle d\u2019orchestre de l\u2019\u00e9cole de musique, dont le si\u00e8ge est situ\u00e9 au Rheu. \u00a0Ce soir, au cours cette petite rencontre, c\u2019est la remise des instruments pr\u00eat\u00e9s gratuitement\u00a0 pr\u00e9cise Blandine Berthelot. \u00a0Ces \u00e9l\u00e8ves se sont port\u00e9s volontaires avec un crit\u00e8re, celui de n\u2019avoir jamais pratiqu\u00e9 un instrument\u00a0 explique Olivier Anneix, le professeur d\u2019\u00e9ducation musicale du Coll\u00e8ge. \u00a0C\u2019est le d\u00e9but de l\u2019exp\u00e9rience, douze\u00a0\u00e9l\u00e8ves cette ann\u00e9e, les deux prochaines ann\u00e9es, vingt-quatre\u00a0autres \u00e9l\u00e8ves de 5e viendront compl\u00e9ter l\u2019effectif de cet orchestre, l\u2019objectif c\u2019est d\u2019arriver \u00e0 trente-six\u00a0musiciens\u00a0 d\u00e9taille\u00a0l\u2019enseignant.<\/p>\n<p>\u00ab\u00a0Un beau projet\u00a0\u00bb<\/p>\n<p>Tous les intervenants, professeurs, responsables sont ravis de l\u2019aboutissement de cette initiative. \u00a0Je suis heureuse de la concr\u00e9tisation de ce projet\u00a0 fait valoir Dani\u00e8le Breton, pr\u00e9sidente du syndicat intercommunal, gestionnaire de l\u2019\u00e9cole de musique \u00a0une vraie opportunit\u00e9 pour les enfants, d\u2019autant que les cours et le pr\u00eat des instruments sont gratuits\u00a0 insiste la pr\u00e9sidente qui rappelle au passage que ce seront les 40\u00a0ans de l\u2019\u00e9cole de musique en 2026. Et le nouveau principal du coll\u00e8ge, Micha\u00ebl Raigneau d\u2019ajouter \u00a0c\u2019est un beau projet, vous pouvez en \u00eatre fiers, je suis ravi que cette exp\u00e9rience se mette en place\u00a0.<\/p>\n<p>C\u2019est parti pour trois ans<\/p>\n<p>Les \u00e9l\u00e8ves de cette classe orchestre b\u00e9n\u00e9ficieront de deux heures de pratique, \u00a0une heure au coll\u00e8ge et une heure avec quatre\u00a0professeurs de l\u2019\u00e9cole de musique dans les murs de celle-ci, pr\u00e9cise Olivier Anneix.\u00a0Comme le coll\u00e8ge est \u00e0 c\u00f4t\u00e9, leur emploi du temps a \u00e9t\u00e9 am\u00e9nag\u00e9 en fin d\u2019apr\u00e8s-midi\u00a0.<\/p>\n<p>Les instruments pratiqu\u00e9s\u00a0? \u00a0De la trompette, du cor, du trombone, du petit tuba et des percussions\u00a0 expliquent Fr\u00e9d\u00e9ric, R\u00e9my, St\u00e9phane et Camille, les quatre professeurs qui vont accompagner cette classe orchestre. Pour les parents, chacun de ces instruments est pr\u00e9sent\u00e9 avant de les remettre \u00e0 chaque \u00e9l\u00e8ve. \u00a0Ils sont invit\u00e9s \u00e0 s\u2019entra\u00eener \u00e0 la maison. Ne craignez pas, il n\u2019y aura pas de batterie\u00a0 assurent les professeurs, avec un brin d\u2019humour.<\/p>\n<p>\u00a0<\/p>\n","protected":false},"excerpt":{"rendered":"\u00a0Cette exp\u00e9rience de classe orchestre et ce partenariat avec le coll\u00e8ge Georges Brassens, c\u2019est une premi\u00e8re\u00a0 se r\u00e9jouit&hellip;\n","protected":false},"author":2,"featured_media":383501,"comment_status":"","ping_status":"","sticky":false,"template":"","format":"standard","meta":{"footnotes":""},"categories":[2821],"tags":[1111,11,829,19406,1124,1777,674,21,1011,27,51630,12,14196,3086,584,25,9578],"class_list":{"0":"post-383500","1":"post","2":"type-post","3":"status-publish","4":"format-standard","5":"has-post-thumbnail","7":"category-rennes","8":"tag-actu","9":"tag-actualites","10":"tag-bretagne","11":"tag-classe","12":"tag-college","13":"tag-eu","14":"tag-europe","15":"tag-fait","16":"tag-fr","17":"tag-france","18":"tag-gammes","19":"tag-news","20":"tag-orchestre","21":"tag-redon","22":"tag-rennes","23":"tag-republique-francaise","24":"tag-rheu"},"share_on_mastodon":{"url":"https:\/\/pubeurope.com\/@fr\/115187271860744300","error":""},"_links":{"self":[{"href":"https:\/\/www.europesays.com\/fr\/wp-json\/wp\/v2\/posts\/383500","targetHints":{"allow":["GET"]}}],"collection":[{"href":"https:\/\/www.europesays.com\/fr\/wp-json\/wp\/v2\/posts"}],"about":[{"href":"https:\/\/www.europesays.com\/fr\/wp-json\/wp\/v2\/types\/post"}],"author":[{"embeddable":true,"href":"https:\/\/www.europesays.com\/fr\/wp-json\/wp\/v2\/users\/2"}],"replies":[{"embeddable":true,"href":"https:\/\/www.europesays.com\/fr\/wp-json\/wp\/v2\/comments?post=383500"}],"version-history":[{"count":0,"href":"https:\/\/www.europesays.com\/fr\/wp-json\/wp\/v2\/posts\/383500\/revisions"}],"wp:featuredmedia":[{"embeddable":true,"href":"https:\/\/www.europesays.com\/fr\/wp-json\/wp\/v2\/media\/383501"}],"wp:attachment":[{"href":"https:\/\/www.europesays.com\/fr\/wp-json\/wp\/v2\/media?parent=383500"}],"wp:term":[{"taxonomy":"category","embeddable":true,"href":"https:\/\/www.europesays.com\/fr\/wp-json\/wp\/v2\/categories?post=383500"},{"taxonomy":"post_tag","embeddable":true,"href":"https:\/\/www.europesays.com\/fr\/wp-json\/wp\/v2\/tags?post=383500"}],"curies":[{"name":"wp","href":"https:\/\/api.w.org\/{rel}","templated":true}]}}