{"id":383502,"date":"2025-09-11T19:17:42","date_gmt":"2025-09-11T19:17:42","guid":{"rendered":"https:\/\/www.europesays.com\/fr\/383502\/"},"modified":"2025-09-11T19:17:42","modified_gmt":"2025-09-11T19:17:42","slug":"a-rennes-un-pieton-grievement-blesse-apres-avoir-ete-percute-par-une-voiture","status":"publish","type":"post","link":"https:\/\/www.europesays.com\/fr\/383502\/","title":{"rendered":"\u00c0 Rennes, un pi\u00e9ton gri\u00e8vement bless\u00e9 apr\u00e8s avoir \u00e9t\u00e9 percut\u00e9 par une voiture"},"content":{"rendered":"<p>Vers 14\u00a0h\u00a051, ce jeudi 11 septembre, les pompiers sont appel\u00e9s sur un accident de circulation \u00e0 l\u2019angle de <a href=\"https:\/\/www.letelegramme.fr\/ille-et-vilaine\/rennes-35000\/la-chaussee-menace-de-seffondrer-dans-ce-quartier-de-rennes-voici-ce-quil-sest-passe-6877603.php\" target=\"_blank\" rel=\"noopener\">l\u2019avenue Charles-et-Raymonde-Tillon<\/a> et la rue de Saint-Malo \u00e0 Rennes. Un pi\u00e9ton a \u00e9t\u00e9 percut\u00e9 par un automobiliste \u00e0 hauteur du passage pi\u00e9ton.<\/p>\n<p>Selon nos confr\u00e8res de Ouest-France, l\u2019automobiliste a pris la fuite apr\u00e8s l\u2019accident.<\/p>\n<p>Transport\u00e9 \u00e0 l\u2019h\u00f4pital<\/p>\n<p>La victime se trouvait alors en urgence absolue. Gri\u00e8vement bless\u00e9, l\u2019homme d\u2019une trentaine d\u2019ann\u00e9es a \u00e9t\u00e9 pris en charge par le Smur et transport\u00e9 au CHU de Pontchaillou. Neuf pompiers ont \u00e9t\u00e9 mobilis\u00e9s sur place.<\/p>\n","protected":false},"excerpt":{"rendered":"Vers 14\u00a0h\u00a051, ce jeudi 11 septembre, les pompiers sont appel\u00e9s sur un accident de circulation \u00e0 l\u2019angle de&hellip;\n","protected":false},"author":2,"featured_media":383503,"comment_status":"","ping_status":"","sticky":false,"template":"","format":"standard","meta":{"footnotes":""},"categories":[2821],"tags":[1111,11,829,765,1777,674,118,3383,1011,27,848,12,50972,584,25],"class_list":{"0":"post-383502","1":"post","2":"type-post","3":"status-publish","4":"format-standard","5":"has-post-thumbnail","7":"category-rennes","8":"tag-actu","9":"tag-actualites","10":"tag-bretagne","11":"tag-en-continu","12":"tag-eu","13":"tag-europe","14":"tag-faits-divers","15":"tag-faits-divers-a-rennes","16":"tag-fr","17":"tag-france","18":"tag-ille-et-vilaine","19":"tag-news","20":"tag-newsletter-la-rennes-quotidienne","21":"tag-rennes","22":"tag-republique-francaise"},"share_on_mastodon":{"url":"https:\/\/pubeurope.com\/@fr\/115187275828395273","error":""},"_links":{"self":[{"href":"https:\/\/www.europesays.com\/fr\/wp-json\/wp\/v2\/posts\/383502","targetHints":{"allow":["GET"]}}],"collection":[{"href":"https:\/\/www.europesays.com\/fr\/wp-json\/wp\/v2\/posts"}],"about":[{"href":"https:\/\/www.europesays.com\/fr\/wp-json\/wp\/v2\/types\/post"}],"author":[{"embeddable":true,"href":"https:\/\/www.europesays.com\/fr\/wp-json\/wp\/v2\/users\/2"}],"replies":[{"embeddable":true,"href":"https:\/\/www.europesays.com\/fr\/wp-json\/wp\/v2\/comments?post=383502"}],"version-history":[{"count":0,"href":"https:\/\/www.europesays.com\/fr\/wp-json\/wp\/v2\/posts\/383502\/revisions"}],"wp:featuredmedia":[{"embeddable":true,"href":"https:\/\/www.europesays.com\/fr\/wp-json\/wp\/v2\/media\/383503"}],"wp:attachment":[{"href":"https:\/\/www.europesays.com\/fr\/wp-json\/wp\/v2\/media?parent=383502"}],"wp:term":[{"taxonomy":"category","embeddable":true,"href":"https:\/\/www.europesays.com\/fr\/wp-json\/wp\/v2\/categories?post=383502"},{"taxonomy":"post_tag","embeddable":true,"href":"https:\/\/www.europesays.com\/fr\/wp-json\/wp\/v2\/tags?post=383502"}],"curies":[{"name":"wp","href":"https:\/\/api.w.org\/{rel}","templated":true}]}}