{"id":383510,"date":"2025-09-11T19:21:19","date_gmt":"2025-09-11T19:21:19","guid":{"rendered":"https:\/\/www.europesays.com\/fr\/383510\/"},"modified":"2025-09-11T19:21:19","modified_gmt":"2025-09-11T19:21:19","slug":"mon-gendre-ma-appele-affole-le-temoignage-du-pere-de-lenseignante-poignardee-au-lycee-horticole-dantibes","status":"publish","type":"post","link":"https:\/\/www.europesays.com\/fr\/383510\/","title":{"rendered":"\u00ab\u00a0Mon gendre m&rsquo;a appel\u00e9 affol\u00e9\u00a0\u00bb: le t\u00e9moignage du p\u00e8re de l\u2019enseignante poignard\u00e9e au lyc\u00e9e horticole d&rsquo;Antibes"},"content":{"rendered":"<p>Il est venu jeudi matin r\u00e9cup\u00e9rer la voiture de sa fille, hospitalis\u00e9e <a href=\"https:\/\/www.nicematin.com\/justice\/-je-veux-etre-le-plus-grand-tueur-de-masse-du-monde-dans-un-etablissement-scolaire-les-confessions-glacantes-du-suspect-bien-avant-l-attaque-au-couteau-au-lycee-horticole-d-antibes-1001548\" target=\"_blank\" rel=\"noopener\">depuis l\u2019agression subie la veille<\/a>.<\/p>\n<p>C\u2019est ainsi que le p\u00e8re de l\u2019enseignante poignard\u00e9e s\u2019est retrouv\u00e9 face aux micros, devant le <strong>lyc\u00e9e horticole d\u2019Antibes<\/strong>. Les nouvelles de sa fille, hospitalis\u00e9e dans un \u00e9tat grave mercredi soir, sont alors rassurantes.<\/p>\n<p>\u00ab\u00a0Mon gendre a t\u00e9l\u00e9phon\u00e9 en disant qu\u2019il s\u2019\u00e9tait pass\u00e9 quelque chose au lyc\u00e9e. Puis il a dit qu\u2019il nous rappelait parce qu\u2019il \u00e9tait affol\u00e9\u00a0\u00bb, t\u00e9moigne le p\u00e8re de la victime, qui pr\u00e9f\u00e8re taire son nom.<\/p>\n<p>Sit\u00f4t l\u2019appel re\u00e7u, il a consult\u00e9 les journaux t\u00e9l\u00e9vis\u00e9s. \u00ab\u00a0C\u2019est l\u00e0 que j\u2019ai vu qu\u2019il y avait eu une <a href=\"https:\/\/www.nicematin.com\/a\/1001548\" target=\"_blank\" rel=\"noopener\">attaque au couteau<\/a>, qu\u2019un professeur et un \u00e9l\u00e8ve \u00e9taient touch\u00e9s. J\u2019ai tout de suite pens\u00e9 \u00e0 \u00e7a.\u00a0\u00bb<\/p>\n<p><strong>\u00ab\u00a0Un petit peu boulevers\u00e9s, comme tout parent\u00a0\u00bb<\/strong><\/p>\n<p>Selon son p\u00e8re, la victime \u00e9tait en conversation t\u00e9l\u00e9phonique avec son mari au moment de l\u2019attaque. \u00ab\u00a0Il a su qu\u2019il se passait quelque chose. Il semble qu\u2019il ait entendu \u00e7a au t\u00e9l\u00e9phone. Et nous, comme tout parent, on est un petit peu boulevers\u00e9s, hein&#8230; Mais qu\u2019est-ce que vous voulez faire?\u00a0\u00bb<\/p>\n<p>L\u2019enseignante avait pris son premier poste au lyc\u00e9e horticole d\u2019Antibes. \u00ab\u00a0Elle aime bien son m\u00e9tier. Je crois qu\u2019elle \u00e9tait bien aim\u00e9e, d\u2019apr\u00e8s ce que j\u2019ai vu sur Nice-Matin.\u00a0\u00bb<\/p>\n<p>Touch\u00e9e \u00ab\u00a0entre l\u2019estomac et les intestins\u00a0\u00bb, la bless\u00e9e a <strong>subi une intervention mercredi soir<\/strong>. \u00ab\u00a0Elle s\u2019est r\u00e9veill\u00e9e dans la nuit. L\u2019h\u00f4pital a dit qu\u2019elle avait pass\u00e9 une bonne nuit.\u00a0\u00bb\u00a0<\/p>\n<p>Au moment de t\u00e9moigner, le p\u00e8re n\u2019a pas encore revu sa fille. Ni pu avoir de contact avec elle. \u00ab\u00a0Mais on va aller la voir cet apr\u00e8s-midi [hier]. On est autoris\u00e9 \u00e0 la voir deux par deux.\u00a0\u00bb Un moment tant attendu, apr\u00e8s vingt-quatre heures d\u2019angoisse.<\/p>\n","protected":false},"excerpt":{"rendered":"Il est venu jeudi matin r\u00e9cup\u00e9rer la voiture de sa fille, hospitalis\u00e9e depuis l\u2019agression subie la veille. C\u2019est&hellip;\n","protected":false},"author":2,"featured_media":383511,"comment_status":"","ping_status":"","sticky":false,"template":"","format":"standard","meta":{"footnotes":""},"categories":[2819],"tags":[1111,11,1777,674,118,1011,27,303,12,2401,882,25,240],"class_list":{"0":"post-383510","1":"post","2":"type-post","3":"status-publish","4":"format-standard","5":"has-post-thumbnail","7":"category-nice","8":"tag-actu","9":"tag-actualites","10":"tag-eu","11":"tag-europe","12":"tag-faits-divers","13":"tag-fr","14":"tag-france","15":"tag-justice","16":"tag-news","17":"tag-nice","18":"tag-provence-alpes-cote-dazur","19":"tag-republique-francaise","20":"tag-temoignage"},"share_on_mastodon":{"url":"https:\/\/pubeurope.com\/@fr\/115187291499891659","error":""},"_links":{"self":[{"href":"https:\/\/www.europesays.com\/fr\/wp-json\/wp\/v2\/posts\/383510","targetHints":{"allow":["GET"]}}],"collection":[{"href":"https:\/\/www.europesays.com\/fr\/wp-json\/wp\/v2\/posts"}],"about":[{"href":"https:\/\/www.europesays.com\/fr\/wp-json\/wp\/v2\/types\/post"}],"author":[{"embeddable":true,"href":"https:\/\/www.europesays.com\/fr\/wp-json\/wp\/v2\/users\/2"}],"replies":[{"embeddable":true,"href":"https:\/\/www.europesays.com\/fr\/wp-json\/wp\/v2\/comments?post=383510"}],"version-history":[{"count":0,"href":"https:\/\/www.europesays.com\/fr\/wp-json\/wp\/v2\/posts\/383510\/revisions"}],"wp:featuredmedia":[{"embeddable":true,"href":"https:\/\/www.europesays.com\/fr\/wp-json\/wp\/v2\/media\/383511"}],"wp:attachment":[{"href":"https:\/\/www.europesays.com\/fr\/wp-json\/wp\/v2\/media?parent=383510"}],"wp:term":[{"taxonomy":"category","embeddable":true,"href":"https:\/\/www.europesays.com\/fr\/wp-json\/wp\/v2\/categories?post=383510"},{"taxonomy":"post_tag","embeddable":true,"href":"https:\/\/www.europesays.com\/fr\/wp-json\/wp\/v2\/tags?post=383510"}],"curies":[{"name":"wp","href":"https:\/\/api.w.org\/{rel}","templated":true}]}}