{"id":383514,"date":"2025-09-11T19:24:43","date_gmt":"2025-09-11T19:24:43","guid":{"rendered":"https:\/\/www.europesays.com\/fr\/383514\/"},"modified":"2025-09-11T19:24:43","modified_gmt":"2025-09-11T19:24:43","slug":"147-000-personnes-ont-admire-lexposition-consacree-a-hokusai","status":"publish","type":"post","link":"https:\/\/www.europesays.com\/fr\/383514\/","title":{"rendered":"147 000 personnes ont admir\u00e9 l&rsquo;exposition consacr\u00e9e \u00e0 Hokusai"},"content":{"rendered":"<p>            Par<br \/>\n        <strong><br \/>\n            <a href=\"https:\/\/actu.fr\/auteur\/laure-gentil\" title=\"Consulter tous les articles de Laure Gentil\" target=\"_blank\" rel=\"noopener\">Laure Gentil<\/a><br \/>\n        <\/strong><\/p>\n<p>        Publi\u00e9 le<\/p>\n<p>            11 sept. 2025 \u00e0 16h46        <\/p>\n<p>147\u2009000. C\u2019est le nombre de visiteurs venus pour admirer <strong>l\u2019exposition Hokusai<\/strong> au ch\u00e2teau des Ducs de Bretagne du 28\u00a0juin au 7\u00a0septembre 2025. \u00ab\u2009L\u2019engouement a ainsi largement d\u00e9pass\u00e9 le cercle des sp\u00e9cialistes pour atteindre un tr\u00e8s large public\u2009\u00bb, a communiqu\u00e9 le <strong>Mus\u00e9e d\u2019histoire de Nantes.<\/strong> \u00ab\u2009L\u2019\u00e9v\u00e9nement a permis au plus grand nombre de d\u00e9couvrir bien des aspects de l\u2019\u0153uvre d\u2019un artiste important, au-del\u00e0 de sa Vague iconique.\u2009\u00bb<\/p>\n<p>160 \u0153uvres<\/p>\n<p class=\" wall-content\">Pendant 70\u00a0ans, Hokusai a cr\u00e9\u00e9 plus de 3\u2009000 gravures polychromes, 2\u2009000\u00a0livres imprim\u00e9s, des milliers de dessins et environ 450 peintures. Ce sont 160 \u0153uvres du c\u00e9l\u00e8bre artiste japonais Hokusai, dont une <strong>quarantaine de peintures<\/strong> qui ont \u00e9t\u00e9 pr\u00eat\u00e9es, pour l\u2019exposition par l\u2019<strong>Hokusai-Kan Museum<\/strong> de la ville d\u2019Obuse (Japon) au Mus\u00e9e d\u2019histoire de Nantes.<\/p>\n<blockquote class=\"ac-article-quote wall-content\">\n<p>Le mus\u00e9e Hokusai-kan a d\u00e9cid\u00e9 que l\u2019exposition d\u00e9di\u00e9e au 50e anniversaire du mus\u00e9e en octobre 2026 reprendra le projet nantais, c\u00e9l\u00e9brant ainsi la relation entre les deux villes.<\/p>\n<p>    <strong>Mus\u00e9e d&rsquo;histoire de Nantes<\/strong>\n            <\/p><\/blockquote>\n<p class=\" wall-content\">L\u2019exposition a eu tellement de succ\u00e8s que le mus\u00e9e nantais a d\u00fb <a href=\"https:\/\/actu.fr\/pays-de-la-loire\/nantes_44109\/exposition-hokusai-a-nantes-de-nouveaux-creneaux-de-visite-bientot-en-ligne_63085934.html\" target=\"_blank\" rel=\"noopener\">ouvrir des cr\u00e9neaux suppl\u00e9mentaires<\/a> pour permettre aux curieux d\u2019acc\u00e9der \u00e0 celle-ci.<\/p>\n<p class=\" wall-content\">Personnalisez votre actualit\u00e9 en ajoutant vos villes et m\u00e9dias en favori avec <a href=\"https:\/\/moncompte.actu.fr\" title=\"D\u00e9couvez Mon Actu\" rel=\"nofollow noopener\" data-trk=\"{&quot;cta&quot;:{&quot;action&quot;:&quot;https:\\\/\\\/moncompte.actu.fr&quot;,&quot;category&quot;:&quot;mon compte&quot;,&quot;from&quot;:&quot;article footer&quot;,&quot;name&quot;:&quot;Mon actu&quot;,&quot;type&quot;:&quot;cta&quot;}}\" target=\"_blank\">Mon Actu<\/a>.<\/p>\n","protected":false},"excerpt":{"rendered":"Par Laure Gentil Publi\u00e9 le 11 sept. 2025 \u00e0 16h46 147\u2009000. C\u2019est le nombre de visiteurs venus pour&hellip;\n","protected":false},"author":2,"featured_media":208855,"comment_status":"","ping_status":"","sticky":false,"template":"","format":"standard","meta":{"footnotes":""},"categories":[2818],"tags":[1111,11,1777,674,1349,1011,27,2070,1652,766,12,2636,25],"class_list":{"0":"post-383514","1":"post","2":"type-post","3":"status-publish","4":"format-standard","5":"has-post-thumbnail","7":"category-nantes","8":"tag-actu","9":"tag-actualites","10":"tag-eu","11":"tag-europe","12":"tag-expositions","13":"tag-fr","14":"tag-france","15":"tag-japon","16":"tag-loisirs-culture","17":"tag-nantes","18":"tag-news","19":"tag-pays-de-la-loire","20":"tag-republique-francaise"},"share_on_mastodon":{"url":"https:\/\/pubeurope.com\/@fr\/115187303328346231","error":""},"_links":{"self":[{"href":"https:\/\/www.europesays.com\/fr\/wp-json\/wp\/v2\/posts\/383514","targetHints":{"allow":["GET"]}}],"collection":[{"href":"https:\/\/www.europesays.com\/fr\/wp-json\/wp\/v2\/posts"}],"about":[{"href":"https:\/\/www.europesays.com\/fr\/wp-json\/wp\/v2\/types\/post"}],"author":[{"embeddable":true,"href":"https:\/\/www.europesays.com\/fr\/wp-json\/wp\/v2\/users\/2"}],"replies":[{"embeddable":true,"href":"https:\/\/www.europesays.com\/fr\/wp-json\/wp\/v2\/comments?post=383514"}],"version-history":[{"count":0,"href":"https:\/\/www.europesays.com\/fr\/wp-json\/wp\/v2\/posts\/383514\/revisions"}],"wp:featuredmedia":[{"embeddable":true,"href":"https:\/\/www.europesays.com\/fr\/wp-json\/wp\/v2\/media\/208855"}],"wp:attachment":[{"href":"https:\/\/www.europesays.com\/fr\/wp-json\/wp\/v2\/media?parent=383514"}],"wp:term":[{"taxonomy":"category","embeddable":true,"href":"https:\/\/www.europesays.com\/fr\/wp-json\/wp\/v2\/categories?post=383514"},{"taxonomy":"post_tag","embeddable":true,"href":"https:\/\/www.europesays.com\/fr\/wp-json\/wp\/v2\/tags?post=383514"}],"curies":[{"name":"wp","href":"https:\/\/api.w.org\/{rel}","templated":true}]}}