{"id":383525,"date":"2025-09-11T19:30:34","date_gmt":"2025-09-11T19:30:34","guid":{"rendered":"https:\/\/www.europesays.com\/fr\/383525\/"},"modified":"2025-09-11T19:30:34","modified_gmt":"2025-09-11T19:30:34","slug":"a-lille-un-maitre-de-conferences-a-ete-mis-en-examen-pour-viols-incestueux-et-agressions-sexuelles","status":"publish","type":"post","link":"https:\/\/www.europesays.com\/fr\/383525\/","title":{"rendered":"\u00c0 Lille, un ma\u00eetre de conf\u00e9rences a \u00e9t\u00e9 mis en examen pour viols incestueux et agressions sexuelles"},"content":{"rendered":"<p class=\"mb-4 text-lg md:leading-8 break-words\">Rentr\u00e9e difficile pour l\u2019universit\u00e9 de Lille, qui doit faire cette ann\u00e9e sans l\u2019un de ses ma\u00eetres de conf\u00e9rences, un homme de 62 ans qui \u00e9tait titulaire d\u2019un doctorat en informatique et qui enseignait les sciences de l\u2019\u00e9ducation et de la formation. Et pour cause : celui-ci a \u00e9t\u00e9 mis en examen le 25 juillet 2025 pour les chefs de \u00ab\u00a0viols incestueux et agressions sexuelles par ascendant\u00a0\u00bb ainsi que pour \u00ab\u00a0captation en vue de sa diffusion d\u2019image \u00e0 caract\u00e8re pornographique de mineur\u00a0\u00bb. Une affaire r\u00e9v\u00e9l\u00e9e par Paris Match lundi 8 septembre et confirm\u00e9e par le parquet du tribunal judiciaire de Lille \u00e0 BFMTV ce jeudi 11 septembre.<\/p>\n<p class=\"mb-4 text-lg md:leading-8 break-words\">P\u00e8re de cinq enfants, il aurait pendant des ann\u00e9es abus\u00e9 de trois de ses petits-enfants en bas \u00e2ge, comme le pr\u00e9cisait Le Figaro. L&rsquo;affaire avait d\u00e9but\u00e9 par le signalement d\u2019un internaute aupr\u00e8s de l\u2019Office expert dans la lutte contre les violences faites aux mineurs, l\u2019OFMIN, qui concernait \u00ab\u00a0des actes \u00e0 caract\u00e8re p\u00e9dophile commis et diffus\u00e9s sur les r\u00e9seaux sociaux\u00a0\u00bb, expliquait le parquet \u00e0 nos confr\u00e8res de BFMTV. Interpell\u00e9 \u00e0 l\u2019issue d\u2019une sortie en mer le 23 juillet 2025, il avait \u00e9t\u00e9 plac\u00e9 en garde \u00e0 vue avant d\u2019\u00eatre mis en examen deux jours plus tard. Le juge d\u2019instruction de Lille a requis son placement en d\u00e9tention provisoire et, au regard de la gravit\u00e9 des faits, un juge des libert\u00e9s et de la d\u00e9tention a d\u00e9cid\u00e9 de l\u2019incarc\u00e9rer. Depuis, les investigations se poursuivent afin d\u2019identifier d&rsquo;autres victimes potentielles dans l\u2019entourage du mis en cause, pr\u00e9cisait (&#8230;)<\/p>\n<p class=\"mb-4 text-lg md:leading-8 break-words\">(&#8230;) <a href=\"https:\/\/www.femmeactuelle.fr\/actu\/news-actu\/a-lille-un-maitre-de-conferences-a-ete-mis-en-examen-pour-viols-incestueux-et-agressions-sexuelles-2198260\" rel=\"nofollow noopener\" target=\"_blank\" data-ylk=\"slk:Cliquez ici pour voir la suite;elm:context_link;itc:0;sec:content-canvas\" class=\"link \">Cliquez ici pour voir la suite<\/a><\/p>\n<p class=\"mb-4 text-lg md:leading-8 break-words\"><a href=\"https:\/\/www.femmeactuelle.fr\/actu\/news-actu\/un-ancien-talent-de-zazie-dans-the-voice-mis-en-examen-pour-viol-et-agressions-sexuelles-2182566\" rel=\"nofollow noopener\" target=\"_blank\" data-ylk=\"slk:Un ancien talent de Zazie dans &quot;The Voice&quot; mis en examen pour viol et agressions sexuelles;elm:context_link;itc:0;sec:content-canvas\" class=\"link \">Un ancien talent de Zazie dans \u00ab\u00a0The Voice\u00a0\u00bb mis en examen pour viol et agressions sexuelles<\/a><br \/><a href=\"https:\/\/www.femmeactuelle.fr\/actu\/news-actu\/accuse-de-viols-et-agressions-sexuelles-sebastien-cauet-a-ete-place-en-garde-a-vue-2175796\" rel=\"nofollow noopener\" target=\"_blank\" data-ylk=\"slk:Accus\u00e9 de viols et agressions sexuelles, S\u00e9bastien Cauet a \u00e9t\u00e9 plac\u00e9 en garde \u00e0 vue;elm:context_link;itc:0;sec:content-canvas\" class=\"link \">Accus\u00e9 de viols et agressions sexuelles, S\u00e9bastien Cauet a \u00e9t\u00e9 plac\u00e9 en garde \u00e0 vue<\/a><br \/><a href=\"https:\/\/www.femmeactuelle.fr\/actu\/news-actu\/agressions-sexuelles-sur-des-nourrissons-a-l-hopital-de-montreuil-l-infirmiere-et-son-compagnon-mis-en-examen-2196603\" rel=\"nofollow noopener\" target=\"_blank\" data-ylk=\"slk:Agressions sexuelles sur des nourrissons \u00e0 l&#039;h\u00f4pital de Montreuil : l&#039;infirmi\u00e8re et son compagnon mis en examen;elm:context_link;itc:0;sec:content-canvas\" class=\"link \">Agressions sexuelles sur des nourrissons \u00e0 l&rsquo;h\u00f4pital de Montreuil : l&rsquo;infirmi\u00e8re et son compagnon mis en examen<\/a><br \/><a href=\"https:\/\/www.femmeactuelle.fr\/actu\/news-actu\/a-romilly-sur-seine-un-medecin-mis-en-examen-pour-agressions-sexuelles-sur-20-victimes-2195486\" rel=\"nofollow noopener\" target=\"_blank\" data-ylk=\"slk:&quot;Il a commenc\u00e9 par des touchers sur la poitrine&quot; : dans l&#039;Aube, un m\u00e9decin mis en examen pour agressions sexuelles sur 20 victimes;elm:context_link;itc:0;sec:content-canvas\" class=\"link \">\u00ab\u00a0Il a commenc\u00e9 par des touchers sur la poitrine\u00a0\u00bb : dans l&rsquo;Aube, un m\u00e9decin mis en examen pour agressions sexuelles sur 20 victimes<\/a><br \/><a href=\"https:\/\/www.femmeactuelle.fr\/actu\/news-actu\/oise-un-medecin-de-71-ans-mis-en-examen-apres-deux-plaintes-pour-viols-il-a-ete-place-en-detention-provisoire-2196873\" rel=\"nofollow noopener\" target=\"_blank\" data-ylk=\"slk:Oise : un m\u00e9decin de 71 ans mis en examen apr\u00e8s deux plaintes pour viols, il a \u00e9t\u00e9 plac\u00e9 en d\u00e9tention provisoire;elm:context_link;itc:0;sec:content-canvas\" class=\"link \">Oise : un m\u00e9decin de 71 ans mis en examen apr\u00e8s deux plaintes pour viols, il a \u00e9t\u00e9 plac\u00e9 en d\u00e9tention provisoire<\/a><\/p>\n","protected":false},"excerpt":{"rendered":"Rentr\u00e9e difficile pour l\u2019universit\u00e9 de Lille, qui doit faire cette ann\u00e9e sans l\u2019un de ses ma\u00eetres de conf\u00e9rences,&hellip;\n","protected":false},"author":2,"featured_media":383526,"comment_status":"","ping_status":"","sticky":false,"template":"","format":"standard","meta":{"footnotes":""},"categories":[2815],"tags":[1111,11,51349,5816,51632,1777,674,1011,27,811,1307,51633,12,25,51350],"class_list":{"0":"post-383525","1":"post","2":"type-post","3":"status-publish","4":"format-standard","5":"has-post-thumbnail","7":"category-lille","8":"tag-actu","9":"tag-actualites","10":"tag-caractere-pornographique","11":"tag-detention-provisoire","12":"tag-doctorat-en-informatique","13":"tag-eu","14":"tag-europe","15":"tag-fr","16":"tag-france","17":"tag-hauts-de-france","18":"tag-lille","19":"tag-maitres-de-conferences","20":"tag-news","21":"tag-republique-francaise","22":"tag-sciences-de-leducation"},"share_on_mastodon":{"url":"https:\/\/pubeurope.com\/@fr\/115187326937127455","error":""},"_links":{"self":[{"href":"https:\/\/www.europesays.com\/fr\/wp-json\/wp\/v2\/posts\/383525","targetHints":{"allow":["GET"]}}],"collection":[{"href":"https:\/\/www.europesays.com\/fr\/wp-json\/wp\/v2\/posts"}],"about":[{"href":"https:\/\/www.europesays.com\/fr\/wp-json\/wp\/v2\/types\/post"}],"author":[{"embeddable":true,"href":"https:\/\/www.europesays.com\/fr\/wp-json\/wp\/v2\/users\/2"}],"replies":[{"embeddable":true,"href":"https:\/\/www.europesays.com\/fr\/wp-json\/wp\/v2\/comments?post=383525"}],"version-history":[{"count":0,"href":"https:\/\/www.europesays.com\/fr\/wp-json\/wp\/v2\/posts\/383525\/revisions"}],"wp:featuredmedia":[{"embeddable":true,"href":"https:\/\/www.europesays.com\/fr\/wp-json\/wp\/v2\/media\/383526"}],"wp:attachment":[{"href":"https:\/\/www.europesays.com\/fr\/wp-json\/wp\/v2\/media?parent=383525"}],"wp:term":[{"taxonomy":"category","embeddable":true,"href":"https:\/\/www.europesays.com\/fr\/wp-json\/wp\/v2\/categories?post=383525"},{"taxonomy":"post_tag","embeddable":true,"href":"https:\/\/www.europesays.com\/fr\/wp-json\/wp\/v2\/tags?post=383525"}],"curies":[{"name":"wp","href":"https:\/\/api.w.org\/{rel}","templated":true}]}}