{"id":383527,"date":"2025-09-11T19:31:10","date_gmt":"2025-09-11T19:31:10","guid":{"rendered":"https:\/\/www.europesays.com\/fr\/383527\/"},"modified":"2025-09-11T19:31:10","modified_gmt":"2025-09-11T19:31:10","slug":"voici-ce-quil-se-passe-5","status":"publish","type":"post","link":"https:\/\/www.europesays.com\/fr\/383527\/","title":{"rendered":"voici ce qu&rsquo;il se passe"},"content":{"rendered":"<p>            Par<br \/>\n        <strong><br \/>\n            <a href=\"https:\/\/actu.fr\/auteur\/fabien-binacchi\" title=\"Consulter tous les articles de Fabien Binacchi\" rel=\"nofollow noopener\" target=\"_blank\">Fabien Binacchi<\/a><br \/>\n        <\/strong><\/p>\n<p>        Publi\u00e9 le<\/p>\n<p>            11 sept. 2025 \u00e0 20h26<br \/>\n        ; mis \u00e0 jour le 11 sept. 2025 \u00e0 21h03    <\/p>\n<p>Mise \u00e0 jour le 11\u00a0septembre 2025 \u00e0 21h03\u2009: La RTM annonce un \u00ab\u2009retour progressif \u00e0 la normale\u2009\u00bb.<\/p>\n<p class=\" wall-content\">Elles ont \u00e9t\u00e9 ferm\u00e9es en urgence.<\/p>\n<p class=\" wall-content\"><strong>Depuis environ 20h<\/strong> ce jeudi 11\u00a0septembre 2025, neuf stations du m\u00e9tro de <a href=\"https:\/\/actu.fr\/tag\/rtm\" rel=\"nofollow noopener\" target=\"_blank\">Marseille<\/a> ne sont plus desservies sur les deux lignes M1 et M2, fait savoir la <a href=\"https:\/\/actu.fr\/tag\/rtm\" rel=\"nofollow noopener\" target=\"_blank\">RTM<\/a>.<\/p>\n<p class=\" wall-content\">Voil\u00e0 ce qu\u2019il se passe.<\/p>\n<p>\u00ab\u2009Pr\u00e9sence d\u2019un bagage abandonn\u00e9\u2009\u00bb<\/p>\n<p class=\" wall-content\">\u00ab\u2009Le M\u00e9tro M1 est interrompu de Chartreux \u00e0 Castellane\u2009\u00bb et \u00ab\u2009le M\u00e9tro M2 de Joliette \u00e0 Castellane\u2009\u00bb, indique la direction de la RTM, <a href=\"https:\/\/www.rtm.fr\/infos-trafic\/8464397377717455414\" rel=\"nofollow noopener\" target=\"_blank\">sur son site Internet,<\/a> ce jeudi soir. La \u00ab\u2009pr\u00e9sence d\u2019un bagage abandonn\u00e9\u2009\u00bb dans la station Saint-Charles est en cause.<\/p>\n<p class=\" wall-content\">La r\u00e9gie ne pr\u00e9cise <strong>pas, pour le moment, d\u2019heure de reprise normale du trafic.<\/strong><\/p>\n<p class=\" wall-content\">\n<p>Un service de Bus Relais en action<\/p>\n<p class=\" wall-content\">En plus de la station Saint-Charles, <strong>cinq autres haltes sont ferm\u00e9es sur la ligne M1<\/strong> (Cinq Avenues Longchamp, R\u00e9form\u00e9s Canebi\u00e8re, Colbert, Vieux-Port et Estrangin) et <strong>trois sur la ligne M2<\/strong> (Jules Guesde, Noailles, Notre-Dame du Mont).<\/p>\n<p class=\" wall-content\">Le tram T3 permet de se rendre de la Joliette \u00e0 Castellane.<\/p>\n<p>Votre r\u00e9gion, votre actu !<\/p>\n<p>Recevez chaque jour les infos qui comptent pour vous.<\/p>\n<p>\t<a href=\"https:\/\/actu.fr\/newsletter\" class=\"ac-btn ac-btn--corner ac-btn--medium ac-btn--blue800\" rel=\"nofollow noopener\" target=\"_blank\">S&rsquo;incrire<\/a><\/p>\n<p class=\" wall-content\">Un service de Bus Relais est \u00e9galement mis en place. Plus d\u2019infos <a href=\"https:\/\/www.rtm.fr\/infos-trafic\/8464397377717455414\" rel=\"nofollow noopener\" target=\"_blank\">sur cette page.<\/a><\/p>\n<p class=\" wall-content\">Personnalisez votre actualit\u00e9 en ajoutant vos villes et m\u00e9dias en favori avec <a href=\"https:\/\/moncompte.actu.fr\" title=\"D\u00e9couvez Mon Actu\" rel=\"nofollow noopener\" data-trk=\"{&quot;cta&quot;:{&quot;action&quot;:&quot;https:\\\/\\\/moncompte.actu.fr&quot;,&quot;category&quot;:&quot;mon compte&quot;,&quot;from&quot;:&quot;article footer&quot;,&quot;name&quot;:&quot;Mon actu&quot;,&quot;type&quot;:&quot;cta&quot;}}\" target=\"_blank\">Mon Actu<\/a>.<\/p>\n","protected":false},"excerpt":{"rendered":"Par Fabien Binacchi Publi\u00e9 le 11 sept. 2025 \u00e0 20h26 ; mis \u00e0 jour le 11 sept. 2025&hellip;\n","protected":false},"author":2,"featured_media":117178,"comment_status":"","ping_status":"","sticky":false,"template":"","format":"standard","meta":{"footnotes":""},"categories":[2814],"tags":[1111,11,1777,674,118,1011,27,884,12,882,25,10783,2803],"class_list":{"0":"post-383527","1":"post","2":"type-post","3":"status-publish","4":"format-standard","5":"has-post-thumbnail","7":"category-marseille","8":"tag-actu","9":"tag-actualites","10":"tag-eu","11":"tag-europe","12":"tag-faits-divers","13":"tag-fr","14":"tag-france","15":"tag-marseille","16":"tag-news","17":"tag-provence-alpes-cote-dazur","18":"tag-republique-francaise","19":"tag-rtm","20":"tag-transport"},"share_on_mastodon":{"url":"https:\/\/pubeurope.com\/@fr\/115187330878569818","error":""},"_links":{"self":[{"href":"https:\/\/www.europesays.com\/fr\/wp-json\/wp\/v2\/posts\/383527","targetHints":{"allow":["GET"]}}],"collection":[{"href":"https:\/\/www.europesays.com\/fr\/wp-json\/wp\/v2\/posts"}],"about":[{"href":"https:\/\/www.europesays.com\/fr\/wp-json\/wp\/v2\/types\/post"}],"author":[{"embeddable":true,"href":"https:\/\/www.europesays.com\/fr\/wp-json\/wp\/v2\/users\/2"}],"replies":[{"embeddable":true,"href":"https:\/\/www.europesays.com\/fr\/wp-json\/wp\/v2\/comments?post=383527"}],"version-history":[{"count":0,"href":"https:\/\/www.europesays.com\/fr\/wp-json\/wp\/v2\/posts\/383527\/revisions"}],"wp:featuredmedia":[{"embeddable":true,"href":"https:\/\/www.europesays.com\/fr\/wp-json\/wp\/v2\/media\/117178"}],"wp:attachment":[{"href":"https:\/\/www.europesays.com\/fr\/wp-json\/wp\/v2\/media?parent=383527"}],"wp:term":[{"taxonomy":"category","embeddable":true,"href":"https:\/\/www.europesays.com\/fr\/wp-json\/wp\/v2\/categories?post=383527"},{"taxonomy":"post_tag","embeddable":true,"href":"https:\/\/www.europesays.com\/fr\/wp-json\/wp\/v2\/tags?post=383527"}],"curies":[{"name":"wp","href":"https:\/\/api.w.org\/{rel}","templated":true}]}}