{"id":383535,"date":"2025-09-11T19:37:15","date_gmt":"2025-09-11T19:37:15","guid":{"rendered":"https:\/\/www.europesays.com\/fr\/383535\/"},"modified":"2025-09-11T19:37:15","modified_gmt":"2025-09-11T19:37:15","slug":"une-attaque-a-larme-blanche-dans-le-viie-arrondissement-de-paris-fait-un-blesse-lauteur-recherche","status":"publish","type":"post","link":"https:\/\/www.europesays.com\/fr\/383535\/","title":{"rendered":"Une attaque \u00e0 l&rsquo;arme blanche dans le VIIe arrondissement de Paris fait un bless\u00e9, l&rsquo;auteur recherch\u00e9"},"content":{"rendered":"<ul class=\"jsx-862013697 ArticleChapo__List\">\n<li class=\"jsx-862013697 ArticleChapo__List_Item flex\">Une personne a \u00e9t\u00e9 bless\u00e9e par arme blanche ce jeudi soir, dans le VIIe arrondissement de Paris, a indiqu\u00e9 la pr\u00e9fecture de police \u00e0 TF1-LCI.<\/li>\n<li class=\"jsx-862013697 ArticleChapo__List_Item flex\">Les jours de la victime ne sont pas en danger.<\/li>\n<li class=\"jsx-862013697 ArticleChapo__List_Item flex\">L&rsquo;auteur a pris la fuite et est activement recherch\u00e9.<\/li>\n<\/ul>\n<p data-module=\"article-paragraph\" class=\"jsx-3046738180 Paragraph Paragraph__End\">Un homme muni d&rsquo;une <a href=\"https:\/\/www.tf1info.fr\/justice-faits-divers\/antibes-une-enseignante-et-un-eleve-blesses-lors-d-une-attaque-au-couteau-dans-un-lycee-2393831.html\" target=\"_blank\" rel=\"noopener\">arme blanche<\/a> a attaqu\u00e9 un passant vers 19h20 ce jeudi 11 septembre, dans le VIIe arrondissement de Paris, a indiqu\u00e9 la pr\u00e9fecture de police \u00e0 TF1-LCI. L&rsquo;intervention des forces de l&rsquo;ordre \u00e9tait toujours en cours \u00e0 20h30 place de Breteuil, comme en t\u00e9moigne le message de la pr\u00e9fecture de police sur X. Le p\u00e9rim\u00e8tre de s\u00e9curit\u00e9 a toutefois \u00e9t\u00e9 rapidement lev\u00e9. Le motif de l&rsquo;agression reste pour l&rsquo;heure inconnu.<\/p>\n<blockquote data-testid=\"EmbedTwitter\" id=\"tweet-1966208284786139420-:R4ocmj9n79m:\" class=\"jsx-aeff1a1c40f54d7a twitter-tweet flex justify-center items-center\"><p>\ud83d\udd34 Intervention en cours place de Breteuil \u00e0  #Paris7 , pour une agression \u00e0 l\u2019arme blanche d\u2019une personne prise en charge par les secours sans pronostic vital engag\u00e9. Tout est mis en \u0153uvre pour retrouver l\u2019auteur le plus rapidement possible.  pic.twitter.com\/2VubsMXPKm \u2014 Pr\u00e9fecture de Police (@prefpolice)  September 11, 2025<\/p><\/blockquote>\n<p>L&rsquo;auteur en fuite<\/p>\n<p data-module=\"article-paragraph\" class=\"jsx-3046738180 Paragraph Paragraph__End\">Selon la pr\u00e9fecture de police, \u00ab\u00a0la victime a \u00e9t\u00e9 prise en charge par les secours en urgence relative\u00a0\u00bb. De son c\u00f4t\u00e9, \u00ab\u00a0l&rsquo;auteur a pris la fuite et est actuellement activement recherch\u00e9\u00a0\u00bb, a-t-elle pr\u00e9cis\u00e9, avant d&rsquo;annoncer la mise en place d&rsquo;un p\u00e9rim\u00e8tre de s\u00e9curit\u00e9, qui a donc \u00e9t\u00e9 lev\u00e9 depuis. Une \u00e9cole primaire a par ailleurs \u00e9t\u00e9 \u00e9vacu\u00e9e, mais sans incident.<\/p>\n<p><a href=\"https:\/\/www.tf1info.fr\/justice-faits-divers\/attaque-au-couteau-dans-un-lycee-d-antibes-ce-que-l-on-sait-du-profil-de-l-assaillant-2393849.html\" rel=\"noopener\" class=\"jsx-3308031228 Link flex\" target=\"_blank\"><img decoding=\"async\" src=\"https:\/\/www.europesays.com\/fr\/wp-content\/uploads\/2025\/08\/police-france-fait-divers-9498be-1@1x.jpeg\" alt=\"DENIS CHARLET \/ AFP\" loading=\"lazy\" importance=\"low\" fetchpriority=\"low\" class=\"\" aria-hidden=\"true\"\/><\/p>\n<p class=\"jsx-3657663356 ReadMoreArticle__Title\">Lire aussi<\/p>\n<p class=\"jsx-3657663356\">Attaque au couteau dans un lyc\u00e9e d&rsquo;Antibes : ce que l&rsquo;on sait de l&rsquo;assaillant<\/p>\n<p><\/a><\/p>\n<p data-module=\"article-paragraph\" class=\"jsx-3046738180 Paragraph Paragraph__End\">Cit\u00e9e par Le Parisien, la maire (LR) du VIIe arrondissement Rachida Dati s&rsquo;est rendue sur place et a assur\u00e9 que \u00ab\u00a0toutes les forces de police sont d\u00e9ploy\u00e9es dans le secteur\u00a0\u00bb. \u00ab\u00a0On a quelques bribes d&rsquo;\u00e9l\u00e9ments gr\u00e2ce \u00e0 une cam\u00e9ra qui voit dans quelles circonstances il y a eu un contact entre l&rsquo;assaillant et la victime\u00a0\u00bb, a-t-elle affirm\u00e9.<\/p>\n<p>N.K<\/p>\n<p><script async src=\"https:\/\/platform.twitter.com\/widgets.js\" charset=\"utf-8\"><\/script><\/p>\n","protected":false},"excerpt":{"rendered":"Une personne a \u00e9t\u00e9 bless\u00e9e par arme blanche ce jeudi soir, dans le VIIe arrondissement de Paris, a&hellip;\n","protected":false},"author":2,"featured_media":383536,"comment_status":"","ping_status":"","sticky":false,"template":"","format":"standard","meta":{"footnotes":""},"categories":[1888],"tags":[1111,1928,11,1927,1921,2951,2950,1777,674,6017,1011,27,1922,2954,12,1926,626,1925,25,133,2953,2949],"class_list":{"0":"post-383535","1":"post","2":"type-post","3":"status-publish","4":"format-standard","5":"has-post-thumbnail","7":"category-paris","8":"tag-actu","9":"tag-actu-paris","10":"tag-actualites","11":"tag-actualites-paris","12":"tag-article-video","13":"tag-criminalite","14":"tag-delinquance","15":"tag-eu","16":"tag-europe","17":"tag-fait-divers","18":"tag-fr","19":"tag-france","20":"tag-info","21":"tag-justice-et-faits-divers","22":"tag-news","23":"tag-news-paris","24":"tag-paris","25":"tag-paris-news","26":"tag-republique-francaise","27":"tag-video","28":"tag-video-police","29":"tag-violences"},"share_on_mastodon":{"url":"https:\/\/pubeurope.com\/@fr\/115187354812576824","error":""},"_links":{"self":[{"href":"https:\/\/www.europesays.com\/fr\/wp-json\/wp\/v2\/posts\/383535","targetHints":{"allow":["GET"]}}],"collection":[{"href":"https:\/\/www.europesays.com\/fr\/wp-json\/wp\/v2\/posts"}],"about":[{"href":"https:\/\/www.europesays.com\/fr\/wp-json\/wp\/v2\/types\/post"}],"author":[{"embeddable":true,"href":"https:\/\/www.europesays.com\/fr\/wp-json\/wp\/v2\/users\/2"}],"replies":[{"embeddable":true,"href":"https:\/\/www.europesays.com\/fr\/wp-json\/wp\/v2\/comments?post=383535"}],"version-history":[{"count":0,"href":"https:\/\/www.europesays.com\/fr\/wp-json\/wp\/v2\/posts\/383535\/revisions"}],"wp:featuredmedia":[{"embeddable":true,"href":"https:\/\/www.europesays.com\/fr\/wp-json\/wp\/v2\/media\/383536"}],"wp:attachment":[{"href":"https:\/\/www.europesays.com\/fr\/wp-json\/wp\/v2\/media?parent=383535"}],"wp:term":[{"taxonomy":"category","embeddable":true,"href":"https:\/\/www.europesays.com\/fr\/wp-json\/wp\/v2\/categories?post=383535"},{"taxonomy":"post_tag","embeddable":true,"href":"https:\/\/www.europesays.com\/fr\/wp-json\/wp\/v2\/tags?post=383535"}],"curies":[{"name":"wp","href":"https:\/\/api.w.org\/{rel}","templated":true}]}}