{"id":383537,"date":"2025-09-11T19:38:11","date_gmt":"2025-09-11T19:38:11","guid":{"rendered":"https:\/\/www.europesays.com\/fr\/383537\/"},"modified":"2025-09-11T19:38:11","modified_gmt":"2025-09-11T19:38:11","slug":"un-blesse-dans-le-viie-arrondissement-lauteur-en-fuite","status":"publish","type":"post","link":"https:\/\/www.europesays.com\/fr\/383537\/","title":{"rendered":"un bless\u00e9 dans le VIIe arrondissement, l\u2019auteur en fuite"},"content":{"rendered":"<p class=\"mb-4 text-lg md:leading-8 break-words\">Un homme a \u00e9t\u00e9 bless\u00e9 \u00e0 l\u2019arme blanche ce jeudi 11 septembre en fin de journ\u00e9e dans le VIIe arrondissement de Paris, rapporte <a data-i13n=\"cpos:1;pos:1\" href=\"https:\/\/www.leparisien.fr\/paris-75\/paris-une-attaque-a-larme-blanche-fait-un-blesse-dans-le-viie-arrondissement-lauteur-en-fuite-11-09-2025-SSZLKJSWFZG5VBUZLDFRBOHEN4.php\" rel=\"nofollow noopener\" target=\"_blank\" data-ylk=\"slk:Le Parisien;cpos:1;pos:1;elm:context_link;itc:0;sec:content-canvas\" class=\"link \">Le Parisien<\/a>. Selon les premiers \u00e9l\u00e9ments recueillis sur place, l\u2019agresseur a sem\u00e9 la panique en courant dans les rues avec une arme mena\u00e7ante \u2013 d\u00e9crite par des t\u00e9moins comme une machette, un hachoir ou un grand couteau \u2013 avant de s\u2019en prendre \u00e0 un passant.<\/p>\n<p class=\"mb-4 text-lg md:leading-8 break-words\">La victime, l\u00e9g\u00e8rement touch\u00e9e, a re\u00e7u une prise en charge rapide par les secours. L\u2019auteur pr\u00e9sum\u00e9, en revanche, n\u2019a pas \u00e9t\u00e9 arr\u00eat\u00e9. Plusieurs t\u00e9moins affirment qu\u2019il pourrait s\u2019\u00eatre retranch\u00e9 dans un immeuble situ\u00e9 rue \u00c9bl\u00e9, non loin du lieu de l\u2019attaque. Un large dispositif policier a \u00e9t\u00e9 d\u00e9ploy\u00e9 dans le secteur, avec des forces positionn\u00e9es autour des rues \u00c9bl\u00e9 et du G\u00e9n\u00e9ral-Bertrand.<\/p>\n<p class=\"mb-4 text-lg md:leading-8 break-words\">Pour l\u2019heure, les motivations de l\u2019agresseur restent inconnues. Une enqu\u00eate est en cours afin d\u2019\u00e9tablir les circonstances pr\u00e9cises de l\u2019agression.<\/p>\n<p class=\"mb-4 text-lg md:leading-8 break-words\">\u00ab C\u2019est un quartier familial, j\u2019y passe beaucoup de temps avec ma petite ni\u00e8ce \u00bb, confiait au quotidien r\u00e9gional un habitant choqu\u00e9, alors que la police quadrillait la zone et que des traces de sang \u00e9taient visibles sur le bitume de l\u2019avenue de Breteuil.<\/p>\n<p class=\"mb-4 text-lg md:leading-8 break-words\"><a data-i13n=\"cpos:2;pos:1\" href=\"https:\/\/www.parismatch.com\/actu\/faits-divers\/attaque-a-larme-blanche-a-paris-un-blesse-dans-le-viie-arrondissement-lauteur-en-fuite-256932?at_medium=affiliate&amp;at_campaign=Yahoo\" rel=\"nofollow noopener\" target=\"_blank\" data-ylk=\"slk:Retrouvez cet article sur ParisMatch;cpos:2;pos:1;elm:context_link;itc:0;sec:content-canvas\" class=\"link \">Retrouvez cet article sur ParisMatch<\/a><\/p>\n","protected":false},"excerpt":{"rendered":"Un homme a \u00e9t\u00e9 bless\u00e9 \u00e0 l\u2019arme blanche ce jeudi 11 septembre en fin de journ\u00e9e dans le&hellip;\n","protected":false},"author":2,"featured_media":383538,"comment_status":"","ping_status":"","sticky":false,"template":"","format":"standard","meta":{"footnotes":""},"categories":[1888],"tags":[1111,1928,11,1927,1777,674,1011,27,36145,5553,12,1926,626,1925,25,29229],"class_list":{"0":"post-383537","1":"post","2":"type-post","3":"status-publish","4":"format-standard","5":"has-post-thumbnail","7":"category-paris","8":"tag-actu","9":"tag-actu-paris","10":"tag-actualites","11":"tag-actualites-paris","12":"tag-eu","13":"tag-europe","14":"tag-fr","15":"tag-france","16":"tag-larme-blanche","17":"tag-le-parisien","18":"tag-news","19":"tag-news-paris","20":"tag-paris","21":"tag-paris-news","22":"tag-republique-francaise","23":"tag-viie-arrondissement-de-paris"},"share_on_mastodon":{"url":"https:\/\/pubeurope.com\/@fr\/115187358540411129","error":""},"_links":{"self":[{"href":"https:\/\/www.europesays.com\/fr\/wp-json\/wp\/v2\/posts\/383537","targetHints":{"allow":["GET"]}}],"collection":[{"href":"https:\/\/www.europesays.com\/fr\/wp-json\/wp\/v2\/posts"}],"about":[{"href":"https:\/\/www.europesays.com\/fr\/wp-json\/wp\/v2\/types\/post"}],"author":[{"embeddable":true,"href":"https:\/\/www.europesays.com\/fr\/wp-json\/wp\/v2\/users\/2"}],"replies":[{"embeddable":true,"href":"https:\/\/www.europesays.com\/fr\/wp-json\/wp\/v2\/comments?post=383537"}],"version-history":[{"count":0,"href":"https:\/\/www.europesays.com\/fr\/wp-json\/wp\/v2\/posts\/383537\/revisions"}],"wp:featuredmedia":[{"embeddable":true,"href":"https:\/\/www.europesays.com\/fr\/wp-json\/wp\/v2\/media\/383538"}],"wp:attachment":[{"href":"https:\/\/www.europesays.com\/fr\/wp-json\/wp\/v2\/media?parent=383537"}],"wp:term":[{"taxonomy":"category","embeddable":true,"href":"https:\/\/www.europesays.com\/fr\/wp-json\/wp\/v2\/categories?post=383537"},{"taxonomy":"post_tag","embeddable":true,"href":"https:\/\/www.europesays.com\/fr\/wp-json\/wp\/v2\/tags?post=383537"}],"curies":[{"name":"wp","href":"https:\/\/api.w.org\/{rel}","templated":true}]}}