{"id":38354,"date":"2025-04-20T07:47:27","date_gmt":"2025-04-20T07:47:27","guid":{"rendered":"https:\/\/www.europesays.com\/fr\/38354\/"},"modified":"2025-04-20T07:47:27","modified_gmt":"2025-04-20T07:47:27","slug":"opposer-les-collins-aux-kirkland-cette-star-nous-devoile-ses-envies-pour-la-suite-de-la-serie-netflix","status":"publish","type":"post","link":"https:\/\/www.europesays.com\/fr\/38354\/","title":{"rendered":"\u00ab\u00a0Opposer les Collins aux Kirkland\u00a0\u00bb\u2026 Cette star nous d\u00e9voile ses envies pour la suite de la s\u00e9rie Netflix"},"content":{"rendered":"<p>La premi\u00e8re saison de Nouvelle vie \u00e0 Ransom Canyon, la s\u00e9rie de Netflix avec Josh Duhamel, laisse la porte ouverte \u00e0 une suite. Andrew Liner, l&rsquo;interpr\u00e8te de Reid Collins, s&rsquo;est confi\u00e9 \u00e0 T\u00e9l\u00e9-Loisirs \u00e0 ce sujet et nous a confi\u00e9 ce qu&rsquo;il aimerait voir dans une potentielle saison 2. <\/p>\n<p>On l&rsquo;attendait et on n&rsquo;a pas \u00e9t\u00e9 d\u00e9\u00e7us ! <a href=\"https:\/\/www.programme-tv.net\/news\/series-tv\/344286-ransom-canyon-netflix-casting-intrigues-les-premieres-infos-sur-cette-serie-a-la-virgin-river\/\" data-api-deeplink=\"teleloisirs:\/\/news\/344286\" target=\"_blank\" rel=\"noopener\">Nouvelle vie \u00e0 Ransom Canyon, la s\u00e9rie Netflix dans la m\u00eame veine que Virgin River<\/a>, avec <a href=\"https:\/\/www.programme-tv.net\/news\/series-tv\/376862-netflix-apres-virgin-river-la-serie-ransom-canyon-sera-votre-nouvelle-addiction-et-voici-pourquoi\/\" data-api-deeplink=\"teleloisirs:\/\/news\/376862\" target=\"_blank\" rel=\"noopener\">une touche de western en plus<\/a>, a fait une arriv\u00e9e remarqu\u00e9e sur la plateforme de streaming. En dix \u00e9pisodes, cette premi\u00e8re saison, devenue notre nouvelle addiction, s&rsquo;int\u00e9resse aux vies et aux amours crois\u00e9s de trois familles d&rsquo;\u00e9leveur <a href=\"https:\/\/www.programme-tv.net\/news\/series-tv\/377105-ransom-canyon-netflix-la-ville-existe-t-elle-vraiment\/\" data-api-deeplink=\"teleloisirs:\/\/news\/377105\" target=\"_blank\" rel=\"noopener\">dans une ville du Texas,<\/a> aux \u00c9tats-Unis. Et si on esp\u00e9rait un happy ending, \u00e7a n&rsquo;a pas \u00e9t\u00e9 le cas pour tous les personnages. Alors que Yancy (Jack Schumacher) attend Ellie (Marianly Tejada) pour leur mariage, cette derni\u00e8re a d\u00e9cid\u00e9 de ne pas venir apr\u00e8s qu&rsquo;une personne myst\u00e9rieuse se soit pr\u00e9sent\u00e9e \u00e0 elle comme \u00e9tant la femme du jeune homme. Quant \u00e0 Staten (Josh Duhamel), il finit seul apr\u00e8s s&rsquo;\u00eatre disput\u00e9 avec Quinn (Minka Kelly). Va-t-elle partir \u00e0 New York ? De nombreuses questions sont donc laiss\u00e9es en suspens \u00e0 la fin de cette salve. Cela veut-il dire qu&rsquo;une saison 2 de Nouvelle vie \u00e0 Ransom Canyon est pr\u00e9vue ?<\/p>\n<p><b>Cette star de <\/b>Nouvelle vie \u00e0 Ransom Canyon<b> confirme qu&rsquo;il sera dans la saison 2 si celle-ci est command\u00e9e par Netflix<\/b><\/p>\n<p>Pour le moment, <a href=\"https:\/\/www.programme-tv.net\/news\/series-tv\/336567-netflix-toutes-les-series-annulees-et-renouvelees-de-2023\/\" data-api-deeplink=\"teleloisirs:\/\/news\/336567\" target=\"_blank\" rel=\"noopener\">Netflix ne s&rsquo;est pas encore prononc\u00e9e officiellement sur la commande d&rsquo;une saison 2. <\/a>Cependant, avec cette fin ouverte, il ne serait pas \u00e9tonnant que la plateforme de streaming d\u00e9cide de commander de nouveaux \u00e9pisodes \u00e0 Nouvelle vie \u00e0 Ransom Canyon si le public est rendez-vous. M\u00eame l&rsquo;un des com\u00e9diens de la s\u00e9rie est plein d&rsquo;espoir. \u00ab\u00a0Je pense qu&rsquo;on va se r\u00e9galer avec ce qui nous attend [en saison 2], en esp\u00e9rant que nous aurons plus de temps pour raconter notre histoire\u00a0\u00bb, nous a teas\u00e9 Andrew Liner, l&rsquo;interpr\u00e8te de Reid Collins, le fils de Davis (Eoin Macken). Lors d&rsquo;une interview accord\u00e9e \u00e0 T\u00e9l\u00e9-Loisirs, le jeune acteur nous a en effet confi\u00e9 avoir tr\u00e8s envie d&rsquo;une saison 2 \u00e0 Nouvelle vie \u00e0 Ransom Canyon, un avis qu&rsquo;il partage avec ses partenaires de la fiction : \u00ab\u00a0Nous avons eu quelques r\u00e9actions de la part des gens qui ont vu [la premi\u00e8re saison avant sa sortie sur Netflix] et nous pensons que les t\u00e9l\u00e9spectateurs vont aimer la s\u00e9rie. C&rsquo;est tr\u00e8s excitant et nous esp\u00e9rons donc qu&rsquo;il y aura une saison 2\u00a0\u00bb. Et bonne nouvelle, si une prochaine salve est command\u00e9e, Andrew Liner nous a confirm\u00e9 qu&rsquo;il serait de la partie : \u00ab\u00a0Oui, je serai dedans, je serai bien l\u00e0 dans la saison 2\u00a0\u00bb.<\/p>\n<p>                        <b>Nouvelle vie \u00e0 Ransom Canyon<\/b><b> (Netflix) : Andrew Liner (Reid) aimerait voir les Collins et les Kirkland s&rsquo;opposer dans la saison 2<\/b><\/p>\n<p>Andrew Liner a d&rsquo;ailleurs des envies bien pr\u00e9cises sur ce qu&rsquo;il aimerait qu&rsquo;il arrive \u00e0 son personnage dans la saison 2 de Nouvelle vie \u00e0 Ransom Canyon, si elle est command\u00e9e par Netflix. \u00ab\u00a0J&rsquo;aimerais beaucoup voir Reid dans le monde de son p\u00e8re. Ce serait int\u00e9ressant car nous n&rsquo;avons pas eu l&rsquo;occasion de les voir souvent ensemble dans la saison 1. Je pense que le fait qu&rsquo;ils soient ensemble permettrait \u00e0 la famille Collins de se retrouver, c&rsquo;est ce qui me plairait. Voir la famille Collins r\u00e9unie et opposer les Collins aux Kirkland serait amusant\u00a0\u00bb, nous a livr\u00e9 le com\u00e9dien.<\/p>\n","protected":false},"excerpt":{"rendered":"La premi\u00e8re saison de Nouvelle vie \u00e0 Ransom Canyon, la s\u00e9rie de Netflix avec Josh Duhamel, laisse la&hellip;\n","protected":false},"author":2,"featured_media":38355,"comment_status":"","ping_status":"","sticky":false,"template":"","format":"standard","meta":{"footnotes":""},"categories":[1356],"tags":[244,58,59,1011,27,127,1722,1721,129,252,1364],"class_list":{"0":"post-38354","1":"post","2":"type-post","3":"status-publish","4":"format-standard","5":"has-post-thumbnail","7":"category-television","8":"tag-commentaire","9":"tag-divertissement","10":"tag-entertainment","11":"tag-fr","12":"tag-france","13":"tag-netflix","14":"tag-pub-streaming-netflix","15":"tag-su00e9rie-netflix","16":"tag-svod","17":"tag-television","18":"tag-tv"},"share_on_mastodon":{"url":"https:\/\/pubeurope.com\/@fr\/114369189906897980","error":""},"_links":{"self":[{"href":"https:\/\/www.europesays.com\/fr\/wp-json\/wp\/v2\/posts\/38354","targetHints":{"allow":["GET"]}}],"collection":[{"href":"https:\/\/www.europesays.com\/fr\/wp-json\/wp\/v2\/posts"}],"about":[{"href":"https:\/\/www.europesays.com\/fr\/wp-json\/wp\/v2\/types\/post"}],"author":[{"embeddable":true,"href":"https:\/\/www.europesays.com\/fr\/wp-json\/wp\/v2\/users\/2"}],"replies":[{"embeddable":true,"href":"https:\/\/www.europesays.com\/fr\/wp-json\/wp\/v2\/comments?post=38354"}],"version-history":[{"count":0,"href":"https:\/\/www.europesays.com\/fr\/wp-json\/wp\/v2\/posts\/38354\/revisions"}],"wp:featuredmedia":[{"embeddable":true,"href":"https:\/\/www.europesays.com\/fr\/wp-json\/wp\/v2\/media\/38355"}],"wp:attachment":[{"href":"https:\/\/www.europesays.com\/fr\/wp-json\/wp\/v2\/media?parent=38354"}],"wp:term":[{"taxonomy":"category","embeddable":true,"href":"https:\/\/www.europesays.com\/fr\/wp-json\/wp\/v2\/categories?post=38354"},{"taxonomy":"post_tag","embeddable":true,"href":"https:\/\/www.europesays.com\/fr\/wp-json\/wp\/v2\/tags?post=38354"}],"curies":[{"name":"wp","href":"https:\/\/api.w.org\/{rel}","templated":true}]}}