{"id":383543,"date":"2025-09-11T19:41:12","date_gmt":"2025-09-11T19:41:12","guid":{"rendered":"https:\/\/www.europesays.com\/fr\/383543\/"},"modified":"2025-09-11T19:41:12","modified_gmt":"2025-09-11T19:41:12","slug":"etats-unis-qui-a-tue-charlie-kirk-russie-et-bielorussie-organisent-des-exercices-militaires-france-tiktok-est-dangereux","status":"publish","type":"post","link":"https:\/\/www.europesays.com\/fr\/383543\/","title":{"rendered":"\u00c9tats-Unis: qui a tu\u00e9 Charlie Kirk? \/ Russie et Bi\u00e9lorussie organisent des exercices militaires \/ France: TikTok est dangereux&#8230;"},"content":{"rendered":"<p>\n                     Bonjour.  Bonjour  \u00e0   toutes   et   \u00e0   tous.  Soyez   les   bienvenus   \u00e0   l&rsquo;\u00e9coute   de  RFI &#8211;  Radio   France   Internationale   en  direct   de   Paris.   Il   est   18   heures.                 <\/p>\n<p>\n                     Le   Journal  en   fran\u00e7ais   facile.                 <\/p>\n<p>\n                     Adrien  Delgrange.                 <\/p>\n<p>\n                     16   heures  en   temps   universel.                  <\/p>\n<p>\n                     Nous   sommes   le   jeudi   11   septembre.                  <\/p>\n<p>\n                     Au   sommaire   de   cette   \u00e9dition :                 <\/p>\n<p>\n                     Moscou   et   Minsk   pr\u00e9parent   des   man\u0153uvres   militaires.   La   Russie   et   la   Bi\u00e9lorussie   r\u00e9unissent   leurs   soldats   \u00e0   partir   de   demain.   La   Pologne   ferme   sa   fronti\u00e8re.                 <\/p>\n<p>\n                     Dans  ce   journal,  aux  \u00c9tats-Unis,  qui  a   tu\u00e9   Charlie   Kirk ?  Ce   proche   de   Donald   Trump   est   mort,  hier,  d&rsquo;une   balle   dans   le   cou.  Des  policiers   mobilis\u00e9s   pour   retrouver   le   tireur.                 <\/p>\n<p>\n                     Au  Soudan   du   Sud,   le  vice-pr\u00e9sident,  Riek   Machar,   accus\u00e9   de   meurtre   et   de   terrorisme   par   la   justice   de   son   pays.                  <\/p>\n<p>\n                     Et   puis,  enfin,   TikTok  est  dangereux.   Il   faut   interdire   son   utilisation   aux   moins   de   15  ans.   C&rsquo;est   ce   que   pr\u00e9conisent,  recommandent  des   d\u00e9put\u00e9s   fran\u00e7ais.                  <\/p>\n<p>\n                     Voil\u00e0   pour   les   titres.   Soyez   les   bienvenus.                  <\/p>\n<p>\n                     La   Russie   et   la   Bi\u00e9lorussie   doivent   entamer,  demain,  des   exercices   militaires.   Zapad,   c&rsquo;est   le   nom   de   cette   d\u00e9monstration   de   force   pr\u00e9vue   tous   les   quatre   ans.   Son   but :  impressionner   l&rsquo;ensemble   des   adversaires   de   la   Russie.   Un   d\u00e9ploiement   militaire   qui   sera   tr\u00e8s   observ\u00e9.   D&rsquo;ailleurs,   la   Pologne   d\u00e9cide   de   fermer   ses   fronti\u00e8res   avec   la   Bi\u00e9lorussie  pendant  ces   exercices.   La   Pologne   qui   annonce,   elle,   de   son   c\u00f4t\u00e9,   d\u00e9ployer   30\u202f000   hommes.   Alors,   hasard   du   calendrier   ou   pas,   c&rsquo;est   aujourd&rsquo;hui   que   la   Bi\u00e9lorussie,   dirig\u00e9e   par   Alexandre  Loukachenko,   a   d\u00e9cid\u00e9   de   lib\u00e9rer   52   prisonniers   politiques.  Correspondance  r\u00e9gionale  d&rsquo;Anissa  El   Jabri.                 <\/p>\n<p>\n                     C&rsquo;est   la   deuxi\u00e8me   fois,  cette   ann\u00e9e,  que   Minsk   lib\u00e8re   une   vague   de   prisonniers   politiques,   et   la   deuxi\u00e8me   fois   qu&rsquo;elle   le   fait   dans   le   cadre   de   n\u00e9gociations   o\u00f9   Washington   appara\u00eet   \u00e0   la   man\u0153uvre.  Comme  la   fois   pr\u00e9c\u00e9dente,  en  effet,   l&rsquo;annonce   de   ces   lib\u00e9rations   intervient   dans   la   foul\u00e9e   de   la   visite   d&rsquo;un   \u00e9missaire   des   \u00c9tats-Unis.  En  juin   dernier,  la  Bi\u00e9lorussie   avait,  d&rsquo;ailleurs,  fait   un   geste   spectaculaire :  elle   avait   laiss\u00e9   sortir   de   prison   un   tr\u00e8s   haut   profil,  Sergue\u00ef   Tikhanovski,   qui   avait   tent\u00e9   de   concourir   \u00e0   la   pr\u00e9sidentielle   de   2020,   avait   \u00e9t\u00e9   mis   derri\u00e8re   les   barreaux.   C&rsquo;est   sa   femme,   d\u00e9sormais   exil\u00e9e,   qui   avait,  \u00e0   l&rsquo;\u00e9poque,  relev\u00e9   le   flambeau.   Les   \u00c9tats-Unis   et   l&rsquo;Union   europ\u00e9enne   avaient,  d&rsquo;ailleurs,  d\u00e9cid\u00e9   plusieurs   vagues   de   sanctions   suite   \u00e0   cette   pr\u00e9sidentielle,   largement   d\u00e9crite   par   l&rsquo;opposition   et   les   ONG   comme   truqu\u00e9e.  Suite   aussi   \u00e0   la   r\u00e9pression   de   fer   qui   avait   suivi.   C&rsquo;est   dans   ce   cadre   que   la   compagnie   nationale   Belavia,  notamment,   avait   \u00e9t\u00e9   sanctionn\u00e9e  en   2021.  Sanctions  qui   ont,  donc,  \u00e9t\u00e9   lev\u00e9es,  ce   jeudi,  par   les   \u00c9tats-Unis,   selon   l&rsquo;agence  d&rsquo;\u00c9tat  bi\u00e9lorusse   Belta.   L&rsquo;envoy\u00e9  sp\u00e9cial   du   pr\u00e9sident   am\u00e9ricain   a,  aussi,  remis   une   lettre   de   Donald   Trump   aux   dirigeants   bi\u00e9lorusses,  avec  ces   mots :  \u00ab C&rsquo;est  un   geste   rare   d&rsquo;amiti\u00e9. \u00bb  Anissa   El   Jabri, Moscou, RFI.                 <\/p>\n<p>\n                     Une  lib\u00e9ration   de   52   prisonniers   politiques,  aujourd&rsquo;hui,  en   Bi\u00e9lorussie,  \u00e0  la   veille \u2013  je   vous   le   disais \u2013,  donc,   de   ces   man\u0153uvres   militaires   pr\u00e9vues   demain   [en  Bi\u00e9lorussie].  Mais,  aussi,  au   lendemain   d&rsquo;incursions,  d&rsquo;intrusions   russes   dans   le   ciel   polonais.   Au   moins   19   drones   ont   survol\u00e9   ill\u00e9galement,  hier,  la   Pologne.   Alors,  aujourd&rsquo;hui,   en   d\u00e9placement   en   Finlande,   le   pr\u00e9sident   ukrainien,  Volodymyr   Zelensky,  appelle   ses   alli\u00e9s   \u00e0   faire   plus   face   \u00e0   la   menace   russe.                  <\/p>\n<p>\n                     \u00ab Les  exercices   militaires   de   la   Russie   et   de   la   Bi\u00e9lorussie   sur   le   territoire   bi\u00e9lorusse   ont   d\u00e9j\u00e0   commenc\u00e9.   Nous   les   surveillons,  ici,  en   Ukraine.   Nos   militaires   documentent   les   mouvements   d&rsquo;\u00e9quipements  russes  et   le   d\u00e9veloppement   des   infrastructures   militaires.   Ces   actions   de   la   Russie   ne   sont   absolument   pas   d\u00e9fensives   et   ne   visent,  sans   aucun   doute,  pas   uniquement   l&rsquo;Ukraine.   En   Europe,   chacun   estime   que   la   Russie   a,  malheureusement,  encore   la   capacit\u00e9   de   poursuivre   et   d&rsquo;intensifier   son   agression.   Des   actions   fortes   sont   donc   n\u00e9cessaires,   et   pas   seulement   de   la   part   de   l&rsquo;Europe.   Malheureusement,   m\u00eame   apr\u00e8s   les   \u00e9v\u00e9nements   d&rsquo;hier \u2013  les  frappes   de   drones,  les   nombreuses   attaques   hybrides   de   la   Russie   contre   des   pays   europ\u00e9ens   et   les   nombreuses   attaques   massives   contre   l&rsquo;Ukraine \u2013,  aucune  mesure   v\u00e9ritablement   forte   et   concr\u00e8te   n&rsquo;a   \u00e9t\u00e9   prise   pour   contraindre   la   Russie   \u00e0   la   paix. \u00bb                 <\/p>\n<p>\n                     Volodymyr   Zelensky,   le   pr\u00e9sident   de   l&rsquo;Ukraine.                  <\/p>\n<p>\n                     Enfin, la  Pologne   ne   compte   pas   se   laisser   faire.   Elle   demande   l&rsquo;organisation   d&rsquo;une   r\u00e9union   d&rsquo;urgence   du   Conseil   de   s\u00e9curit\u00e9   de   l&rsquo;ONU,  suite   \u00e0   cette   intrusion   de   drones   russes   sur   son   territoire.                  <\/p>\n<p>\n                     Le   Journal  en   fran\u00e7ais   facile.                  <\/p>\n<p>\n                     La   chasse   \u00e0   l&rsquo;homme   continue   aux   \u00c9tats-Unis.  La  police   recherche   toujours   l&rsquo;assassin   de   Charlie   Kirk.   Charlie   Kirk,   jeune   influenceur   d&rsquo;extr\u00eame droite,  tu\u00e9,  hier,  en   plein   d\u00e9bat,  dans   une   universit\u00e9   de   l&rsquo;\u00c9tat   de   l&rsquo;Utah.   C&rsquo;est   un   sniper   post\u00e9   sur   un   toit   qui   est   \u00e0   l&rsquo;origine   du   tir.   On   apprend,  \u00e0   l&rsquo;instant,  que   la   police   a   retrouv\u00e9   l&rsquo;arme   du   tireur.  Matthias  Troude,  bonjour.                 <\/p>\n<p>\n                     Bonjour.                 <\/p>\n<p>\n                     O\u00f9  en   est   l&rsquo;enqu\u00eate   \u00e0   cette   heure-ci ?                 <\/p>\n<p>\n                     Vous   le   disiez,   la   police   vient   de   retrouver   l&rsquo;arme   du   tireur.   Le   FBI   vient   de   le   d\u00e9clarer   dans   une   nouvelle   conf\u00e9rence   de   presse,   alors  que   le   deuxi\u00e8me   jour   de   chasse   \u00e0   l&rsquo;homme   commence   tout   juste   dans   l&rsquo;Utah.   La   police   a,  donc,  retrouv\u00e9   ce   fusil.   Il   \u00e9tait   dans   des   buissons,  sur   le   chemin   de   l&rsquo;assassin   en   fuite.   Les   enqu\u00eateurs   commencent   \u00e0   retracer   les   mouvements   du   tueur.   Il  arrive  sur   le   campus   [universitaire]  quelques   minutes   avant   le   drame.   Son   jeune   \u00e2ge   lui   permet   de   se   confondre   au   milieu   des   \u00e9tudiants.   Sur   la   vid\u00e9osurveillance,   on   le   voit   monter   des   escaliers   pour   atteindre   le   toit   qui   surplombe   l&rsquo;\u00e9v\u00e9nement.   \u00c0   130   m\u00e8tres   de   l\u00e0,   la   vue   sur   Charlie   Kirk  est   claire.   L&rsquo;influenceur   d&rsquo;extr\u00eame droite  parle   sur   une   sc\u00e8ne   ext\u00e9rieure,   devant   3 000  personnes.   Le   sniper   tire   une   fois   une   balle,  qui   touche   Charlie   Kirk   en   plein   cou.   Puis   il   saute   du   toit   et   prend   la   fuite   dans   un   quartier   voisin.   Son   identit\u00e9   reste   inconnue.                  <\/p>\n<p>\n                     Merci  beaucoup,  Matthias  Troude,  dans  le   journal   en   fran\u00e7ais   facile.                 <\/p>\n<p>\n                     On  apprend,  \u00e9galement,  que   le   pr\u00e9sident   am\u00e9ricain,  Donald   Trump,  annonce   remettre   bient\u00f4t   \u00e0   Charlie   Kirk   la   m\u00e9daille   pr\u00e9sidentielle   de   la   libert\u00e9.   Donald   Trump   l&rsquo;a   annonc\u00e9   aujourd&rsquo;hui,  pendant   une   c\u00e9r\u00e9monie   au   Pentagone   qui   comm\u00e9more   les   attentats   du   11   septembre   aux   \u00c9tats-Unis.                 <\/p>\n<p>\n                     Ailleurs   sur   la   plan\u00e8te.  Le  Qatar   dit   au   revoir   aux   victimes   des   frappes   isra\u00e9liennes.   En   d\u00e9but   de   semaine,   l&rsquo;arm\u00e9e   isra\u00e9lienne   a   cibl\u00e9   des   responsables   du   Hamas   \u00e0   Doha.   Aujourd&rsquo;hui   avaient  donc   lieu   les   fun\u00e9railles   de   ces   six   personnes   tu\u00e9es.   Des   obs\u00e8ques   en   pr\u00e9sence   de   l&rsquo;\u00e9mir   du   Qatar.  Cheikh  Tamim   Al Thani  a  particip\u00e9  aux   pri\u00e8res.   Il   s&rsquo;est   positionn\u00e9   devant   les   six   cercueils   plac\u00e9s   au   c\u0153ur   d&rsquo;une   mosqu\u00e9e   de   la   ville.                  <\/p>\n<p>\n                     Au   Soudan   du   Sud,   nous   apprenons   que   le   vice-pr\u00e9sident   sud-soudanais,  Riek   Machar,   plac\u00e9   en   r\u00e9sidence   surveill\u00e9e   depuis   plusieurs   mois,   est   inculp\u00e9, notamment,  pour   \u00ab meurtre \u00bb,  \u00ab terrorisme \u00bb,  \u00ab trahison \u00bb  et   \u00ab crimes  contre   l&rsquo;humanit\u00e9 \u00bb.  C&rsquo;est   ce   que   vient   d&rsquo;annoncer   la   justice   de   son   pays.                  <\/p>\n<p>\n                     L&rsquo;actualit\u00e9,  \u00e9galement,  qui,  peut-\u00eatre,  vous   concerne.   Utilisez-vous  TikTok ?  Six   mois   de   travaux.   Pr\u00e8s   de   180   personnes   ont   \u00e9t\u00e9   interrog\u00e9es.  En  France,  des  d\u00e9put\u00e9s,  une  commission   d&rsquo;enqu\u00eate   parlementaire   a   rendu, aujourd&rsquo;hui,  public   un   rapport   qui   \u00e9tait   tr\u00e8s   attendu   et   tr\u00e8s   d\u00e9taill\u00e9   sur   les   effets   psychologiques   de   TikTok  sur   les   plus   jeunes.   La   plateforme   chinoise   est   accus\u00e9e   de   promouvoir   des   contenus   violents.   Baptiste   Coulon,  bonjour.                 <\/p>\n<p>\n                     Bonjour.                  <\/p>\n<p>\n                     Les   conclusions   de   ce   rapport   sont   accablantes.                  <\/p>\n<p>\n                     Une   plateforme   \u00ab hors-la-loi \u00bb.  Voici   comment   ces  parlementaires   d\u00e9crivent   TikTok   dans   le   rapport.   La   d\u00e9put\u00e9e   qui   l&rsquo;a   r\u00e9dig\u00e9,   ce   rapport,   \u2013 Laure  Miller \u2013,  n&rsquo;a  pas   de   mots   assez   durs   pour   qualifier   ce   qu&rsquo;elle   a   vu   au   cours   des   six   mois   d&rsquo;enqu\u00eate.                  <\/p>\n<p>\n                     \u00ab On  y   a   vu   des   contenus   sur   le   suicide,   sur   la   multiplication  de   violences.  Ce   qui   en   ressort,   c&rsquo;est   qu&rsquo;il   faut   qu&rsquo;on   puisse   prot\u00e9ger   notre   jeunesse. \u00bb                 <\/p>\n<p>\n                     Car,  en   l&rsquo;\u00e9tat,  le   verdict   est   sans   appel.   Selon   le   rapport,   TikTok   expose   les   plus   jeunes   \u00e0   des   contenus   addictifs,   toxiques,   des   contenus   qui   favorisent   l&rsquo;\u00e9mergence   de   troubles   psychiques,  ou   bien   qui   amplifient   des   troubles   d\u00e9j\u00e0   existants   chez   certains   adolescents.   Et   TikTok   est   accus\u00e9,  par   les   d\u00e9put\u00e9s,  de   laisser   faire.                  <\/p>\n<p>\n                     \u00ab On  l&rsquo;a   bien   vu   \u00e0   travers   l&rsquo;audition-fleuve  qu&rsquo;on   a   eue  des   responsables,   France   et   Europe.   On   leur   parlait   des   contenus   \u00e0   mod\u00e9rer,   ils   voyaient   pas   vraiment   le   probl\u00e8me   ou   ils   nous   disaient   qu&rsquo;ils   allaient   se   pencher   sur   le   sujet.   Mais,  de   toute   \u00e9vidence,   ils   ne   le   font   pas.   Il   suffit   d&rsquo;ouvrir   TikTok   \u00e0   l&rsquo;instant   T   et   vous   le   verrez.   Ils   ne   font   aucun   effort. \u00bb                 <\/p>\n<p>\n                     Ce   rapport   formule   40   recommandations   pour   am\u00e9liorer   la   situation,   comme   l&rsquo;interdiction   des   r\u00e9seaux   sociaux   aux   moins   de   15  ans   ou   un   couvre-feu   num\u00e9rique   pour   les   15-18  ans.   Ces   recommandations   seront-elles   reprises   dans   une   loi ?  Ce   n&rsquo;est   pas   s\u00fbr,   vu   le   contexte   politique   incertain   en   France.   Mais,  plut\u00f4t   que   l&rsquo;Assembl\u00e9e   nationale,   c&rsquo;est   la   justice   qui   pourrait   se   prononcer   sur   le   sujet,  tr\u00e8s   bient\u00f4t,   car   le   d\u00e9put\u00e9   \u00e0   la   t\u00eate   de   la   commission   d&rsquo;enqu\u00eate  a   saisi   une   procureure   contre   TikTok   pour   mise   en   danger   des   utilisateurs   du   r\u00e9seau   social.                  <\/p>\n<p>\n                     Baptiste   Coulon.                  <\/p>\n<p>\n                     Depuis,   TikTok   r\u00e9agit.   La   plateforme   chinoise   r\u00e9agit  \u00e0   la   publication   de   ce   rapport.   TikTok   rejette   cat\u00e9goriquement   la   pr\u00e9sentation   dite   \u00ab trompeuse \u00bb,  qui   est   faite   par   la   commission   d&rsquo;enqu\u00eate   de   d\u00e9put\u00e9s   fran\u00e7ais.                  <\/p>\n<p>\n                     RFI   \u00e0   Paris.   Il   va   \u00eatre   18   h   10.                  <\/p>\n","protected":false},"excerpt":{"rendered":"Bonjour. Bonjour \u00e0 toutes et \u00e0 tous. Soyez les bienvenus \u00e0 l&rsquo;\u00e9coute de RFI &#8211; Radio France Internationale&hellip;\n","protected":false},"author":2,"featured_media":383544,"comment_status":"","ping_status":"","sticky":false,"template":"","format":"standard","meta":{"footnotes":""},"categories":[1591],"tags":[47,11,10343,1887,3535,10342,12,1885,1886,132,104],"class_list":{"0":"post-383543","1":"post","2":"type-post","3":"status-publish","4":"format-standard","5":"has-post-thumbnail","7":"category-russie","8":"tag-actualite","9":"tag-actualites","10":"tag-all","11":"tag-federation-de-russie","12":"tag-geopolitique","13":"tag-journal-en-francais-facile","14":"tag-news","15":"tag-russia","16":"tag-russian-federation","17":"tag-russie","18":"tag-societe"},"share_on_mastodon":{"url":"https:\/\/pubeurope.com\/@fr\/115187370129308416","error":""},"_links":{"self":[{"href":"https:\/\/www.europesays.com\/fr\/wp-json\/wp\/v2\/posts\/383543","targetHints":{"allow":["GET"]}}],"collection":[{"href":"https:\/\/www.europesays.com\/fr\/wp-json\/wp\/v2\/posts"}],"about":[{"href":"https:\/\/www.europesays.com\/fr\/wp-json\/wp\/v2\/types\/post"}],"author":[{"embeddable":true,"href":"https:\/\/www.europesays.com\/fr\/wp-json\/wp\/v2\/users\/2"}],"replies":[{"embeddable":true,"href":"https:\/\/www.europesays.com\/fr\/wp-json\/wp\/v2\/comments?post=383543"}],"version-history":[{"count":0,"href":"https:\/\/www.europesays.com\/fr\/wp-json\/wp\/v2\/posts\/383543\/revisions"}],"wp:featuredmedia":[{"embeddable":true,"href":"https:\/\/www.europesays.com\/fr\/wp-json\/wp\/v2\/media\/383544"}],"wp:attachment":[{"href":"https:\/\/www.europesays.com\/fr\/wp-json\/wp\/v2\/media?parent=383543"}],"wp:term":[{"taxonomy":"category","embeddable":true,"href":"https:\/\/www.europesays.com\/fr\/wp-json\/wp\/v2\/categories?post=383543"},{"taxonomy":"post_tag","embeddable":true,"href":"https:\/\/www.europesays.com\/fr\/wp-json\/wp\/v2\/tags?post=383543"}],"curies":[{"name":"wp","href":"https:\/\/api.w.org\/{rel}","templated":true}]}}