{"id":383548,"date":"2025-09-11T19:44:12","date_gmt":"2025-09-11T19:44:12","guid":{"rendered":"https:\/\/www.europesays.com\/fr\/383548\/"},"modified":"2025-09-11T19:44:12","modified_gmt":"2025-09-11T19:44:12","slug":"le-prince-harry-repart-ravi-aux-etats-unis-apres-avoir-vu-son-pere","status":"publish","type":"post","link":"https:\/\/www.europesays.com\/fr\/383548\/","title":{"rendered":"Le prince Harry repart ravi aux Etats-Unis, apr\u00e8s avoir vu son p\u00e8re"},"content":{"rendered":"<p>Selon le porte-parole du <a href=\"https:\/\/www.20minutes.fr\/arts-stars\/people\/prince_harry\/\" class=\"c-link c-link--is-underlined\" rel=\"nofollow noopener\" target=\"_blank\">prince Harry<\/a>, ce dernier se dit ravi de sa rencontre avec son <a href=\"https:\/\/www.20minutes.fr\/dossier\/prince_charles\" class=\"c-link c-link--is-underlined\" rel=\"nofollow noopener\" target=\"_blank\">p\u00e8re<\/a>, qu\u2019il n\u2019avait pas vu depuis 19 mois. Cette rencontre a \u00e9t\u00e9 organis\u00e9e dans le but de r\u00e9concilier les deux hommes.<\/p>\n<p>Harry a \u00ab\u00a0ador\u00e9\u00a0\u00bb \u00eatre de retour au <a href=\"https:\/\/www.20minutes.fr\/monde\/royaume-uni\/\" class=\"c-link c-link--is-underlined\" rel=\"nofollow noopener\" target=\"_blank\">Royaume-Uni<\/a>, a d\u00e9clar\u00e9 ce porte-parole, ajoutant qu\u2019il avait \u00ab\u00a0renou\u00e9 avec d\u2019anciens amis et coll\u00e8gues\u00a0\u00bb. Le prince Harry, qui aura 41 ans lundi, a rencontr\u00e9 le roi Charles III mercredi en fin d\u2019apr\u00e8s-midi pendant un peu moins d\u2019une heure, prenant le th\u00e9 en priv\u00e9 avec lui dans sa r\u00e9sidence de Clarence House \u00e0 Londres.<\/p>\n<p>R\u00e9conciliation<\/p>\n<p>Les deux hommes ne s\u2019\u00e9taient pas vus depuis f\u00e9vrier\u00a02024, quand Harry, qui a quitt\u00e9 la famille royale et vit en Californie depuis\u00a02020, avait saut\u00e9 dans un avion apprenant que son p\u00e8re souffrait d\u2019un cancer. Ils sont en froid depuis des ann\u00e9es, pour une s\u00e9rie de griefs, aliment\u00e9s par les critiques publiques du prince contre sa famille.<\/p>\n<\/p>\n<p>Harry, aussi connu comme le duc de Sussex, n\u2019a par contre eu aucune interaction avec son fr\u00e8re William, h\u00e9ritier de la couronne qui ne lui parle plus. Durant son s\u00e9jour de quatre jours, Harry a consacr\u00e9 la plupart de son temps \u00e0 ses oeuvres caritatives.<\/p>\n<p>Jeudi, il a termin\u00e9 son s\u00e9jour en rendant visite au centre \u00ab\u00a0Diana Award\u00a0\u00bb, qui c\u00e9l\u00e8bre la m\u00e9moire de sa m\u00e8re la princesse Diana. Il y a \u00e9cout\u00e9 des jeunes parler de leur sant\u00e9 mentale. Durant son s\u00e9jour, le prince s\u2019est aussi recueilli sur la tombe de sa grand-m\u00e8re, la reine Elizabeth II, trois ans jour pour jour apr\u00e8s son d\u00e9c\u00e8s, le 8\u00a0septembre 2022.<\/p>\n<p><a href=\"https:\/\/www.20minutes.fr\/monde\/royaume-uni\/\" target=\"_blank\" class=\"c-link c-btn c-btn--primary\" rel=\"nofollow noopener\">Plus d&rsquo;articles sur le Royaume-Uni<\/a><\/p>\n<p>Harry avait confi\u00e9 en mai \u00e0 la BBC qu\u2019il \u00ab\u00a0aimerait beaucoup (se) r\u00e9concilier avec (sa) famille\u00a0\u00bb, apr\u00e8s cinq ans de ranc\u0153urs et d\u00e9chirements.<\/p>\n","protected":false},"excerpt":{"rendered":"Selon le porte-parole du prince Harry, ce dernier se dit ravi de sa rencontre avec son p\u00e8re, qu\u2019il&hellip;\n","protected":false},"author":2,"featured_media":383549,"comment_status":"","ping_status":"","sticky":false,"template":"","format":"standard","meta":{"footnotes":""},"categories":[1588],"tags":[47,11,581,1777,674,74,12,553,473,1853,1851,1850,1852],"class_list":{"0":"post-383548","1":"post","2":"type-post","3":"status-publish","4":"format-standard","5":"has-post-thumbnail","7":"category-royaume-uni","8":"tag-actualite","9":"tag-actualites","10":"tag-charles-iii","11":"tag-eu","12":"tag-europe","13":"tag-monde","14":"tag-news","15":"tag-roi","16":"tag-royaume-uni","17":"tag-royaume-uni-de-grande-bretagne-et-dirlande-du-nord","18":"tag-uk","19":"tag-united-kingdom","20":"tag-united-kingdom-of-great-britain-and-northern-ireland"},"share_on_mastodon":{"url":"https:\/\/pubeurope.com\/@fr\/115187382047349005","error":""},"_links":{"self":[{"href":"https:\/\/www.europesays.com\/fr\/wp-json\/wp\/v2\/posts\/383548","targetHints":{"allow":["GET"]}}],"collection":[{"href":"https:\/\/www.europesays.com\/fr\/wp-json\/wp\/v2\/posts"}],"about":[{"href":"https:\/\/www.europesays.com\/fr\/wp-json\/wp\/v2\/types\/post"}],"author":[{"embeddable":true,"href":"https:\/\/www.europesays.com\/fr\/wp-json\/wp\/v2\/users\/2"}],"replies":[{"embeddable":true,"href":"https:\/\/www.europesays.com\/fr\/wp-json\/wp\/v2\/comments?post=383548"}],"version-history":[{"count":0,"href":"https:\/\/www.europesays.com\/fr\/wp-json\/wp\/v2\/posts\/383548\/revisions"}],"wp:featuredmedia":[{"embeddable":true,"href":"https:\/\/www.europesays.com\/fr\/wp-json\/wp\/v2\/media\/383549"}],"wp:attachment":[{"href":"https:\/\/www.europesays.com\/fr\/wp-json\/wp\/v2\/media?parent=383548"}],"wp:term":[{"taxonomy":"category","embeddable":true,"href":"https:\/\/www.europesays.com\/fr\/wp-json\/wp\/v2\/categories?post=383548"},{"taxonomy":"post_tag","embeddable":true,"href":"https:\/\/www.europesays.com\/fr\/wp-json\/wp\/v2\/tags?post=383548"}],"curies":[{"name":"wp","href":"https:\/\/api.w.org\/{rel}","templated":true}]}}