{"id":38356,"date":"2025-04-20T07:48:10","date_gmt":"2025-04-20T07:48:10","guid":{"rendered":"https:\/\/www.europesays.com\/fr\/38356\/"},"modified":"2025-04-20T07:48:10","modified_gmt":"2025-04-20T07:48:10","slug":"lexi-la-fille-diman-et-david-bowie-sagace-quon-compare-sa-musique-a-celle-de-son-pere","status":"publish","type":"post","link":"https:\/\/www.europesays.com\/fr\/38356\/","title":{"rendered":"Lexi, la fille d\u2019Iman et David Bowie, s\u2019agace qu\u2019on compare sa musique \u00e0 celle de son p\u00e8re"},"content":{"rendered":"<p>Alexandria Zahra Jones, aka Lexi, n\u2019a que faire des comparaisons avec son illustre g\u00e9niteur. La fille de <a href=\"https:\/\/www.20minutes.fr\/culture\/musique\/1553975-20150303-tout-toujours-reve-savoir-david-bowie\" target=\"_blank\" class=\"color-ultramarine c-link\" rel=\"noopener\">David Bowie<\/a> et de <a href=\"https:\/\/www.20minutes.fr\/people\/2120711-20170823-video-iman-bowie-confie-mort-david-bowie\" target=\"_blank\" class=\"color-ultramarine c-link\" rel=\"noopener\">la top model Iman<\/a>, qui vient de sortir un premier album titr\u00e9 Xandri, est pass\u00e9e par Instagram pour pousser un coup de gueule contre ceux qui ne voient en elle que la descendante du Thin White Duke.<\/p>\n<p>Un ras-le-bol qu\u2019elle a exprim\u00e9 sous forme de <a href=\"https:\/\/www.instagram.com\/p\/DIRjtJVPO4Q\/\" rel=\"nofollow noopener\" target=\"_blank\" class=\"color-ultramarine c-link\">po\u00e8me<\/a> o\u00f9 elle d\u00e9clare notamment\u00a0: \u00ab\u00a0Je suis la fille d\u2019une l\u00e9gende, mais je suis plus que son nom. Ils voient le sang, ils entendent le son, mais ne me voient pas vraiment\u00a0\u00bb.<\/p>\n<p>Une prise de position qui s\u2019est av\u00e9r\u00e9e n\u00e9cessaire apr\u00e8s que des fans ont soulign\u00e9 les similitudes entre <a href=\"https:\/\/www.youtube.com\/watch?v=2heBEGyW1Xc\" rel=\"nofollow noopener\" target=\"_blank\" class=\"color-ultramarine c-link\">sa voix<\/a> et celle de son p\u00e8re.<\/p>\n<p>Tourner la page<\/p>\n<p>\u00ab\u00a0Je n\u2019essaie pas de marcher dans ses pas. J\u2019essaie juste de trouver ma propre paix\u00a0\u00bb, a encore \u00e9crit Lexi qui, il y a un mois de \u00e7a, avait n\u00e9anmoins post\u00e9 son interpr\u00e9tation du <a href=\"https:\/\/www.20minutes.fr\/culture\/1763331-20160111-video-david-bowie-machine-tubes\" target=\"_blank\" class=\"color-ultramarine c-link\" rel=\"noopener\">classique Life on Mars\u00a0?<\/a> accompagn\u00e9e d\u2019une <a href=\"https:\/\/www.instagram.com\/p\/DHLcgbEBXiF\/\" rel=\"nofollow noopener\" target=\"_blank\" class=\"color-ultramarine c-link\">photo<\/a> d\u2019elle petite dans les bras de son p\u00e8re.<\/p>\n<p>Un hommage attendrissant qui ne l\u2019emp\u00eache pas de vouloir tracer sa propre route, comme en t\u00e9moigne son album Xandri avec des chansons comme Moving On ou encore Standing Alone dont les titres, \u00e0 eux seuls, en disent long sur sa volont\u00e9 de s\u2019\u00e9manciper du fant\u00f4me paternel.<\/p>\n<p><script async src=\"\/\/www.instagram.com\/embed.js\"><\/script><\/p>\n","protected":false},"excerpt":{"rendered":"Alexandria Zahra Jones, aka Lexi, n\u2019a que faire des comparaisons avec son illustre g\u00e9niteur. La fille de David&hellip;\n","protected":false},"author":2,"featured_media":38357,"comment_status":"","ping_status":"","sticky":false,"template":"","format":"standard","meta":{"footnotes":""},"categories":[1355],"tags":[6181,58,847,59,1011,27,1361,873,973,133],"class_list":{"0":"post-38356","1":"post","2":"type-post","3":"status-publish","4":"format-standard","5":"has-post-thumbnail","7":"category-musique","8":"tag-david-bowie","9":"tag-divertissement","10":"tag-enfant","11":"tag-entertainment","12":"tag-fr","13":"tag-france","14":"tag-music","15":"tag-musique","16":"tag-people","17":"tag-video"},"share_on_mastodon":{"url":"https:\/\/pubeurope.com\/@fr\/114369193896218095","error":""},"_links":{"self":[{"href":"https:\/\/www.europesays.com\/fr\/wp-json\/wp\/v2\/posts\/38356","targetHints":{"allow":["GET"]}}],"collection":[{"href":"https:\/\/www.europesays.com\/fr\/wp-json\/wp\/v2\/posts"}],"about":[{"href":"https:\/\/www.europesays.com\/fr\/wp-json\/wp\/v2\/types\/post"}],"author":[{"embeddable":true,"href":"https:\/\/www.europesays.com\/fr\/wp-json\/wp\/v2\/users\/2"}],"replies":[{"embeddable":true,"href":"https:\/\/www.europesays.com\/fr\/wp-json\/wp\/v2\/comments?post=38356"}],"version-history":[{"count":0,"href":"https:\/\/www.europesays.com\/fr\/wp-json\/wp\/v2\/posts\/38356\/revisions"}],"wp:featuredmedia":[{"embeddable":true,"href":"https:\/\/www.europesays.com\/fr\/wp-json\/wp\/v2\/media\/38357"}],"wp:attachment":[{"href":"https:\/\/www.europesays.com\/fr\/wp-json\/wp\/v2\/media?parent=38356"}],"wp:term":[{"taxonomy":"category","embeddable":true,"href":"https:\/\/www.europesays.com\/fr\/wp-json\/wp\/v2\/categories?post=38356"},{"taxonomy":"post_tag","embeddable":true,"href":"https:\/\/www.europesays.com\/fr\/wp-json\/wp\/v2\/tags?post=38356"}],"curies":[{"name":"wp","href":"https:\/\/api.w.org\/{rel}","templated":true}]}}