{"id":383561,"date":"2025-09-11T19:53:10","date_gmt":"2025-09-11T19:53:10","guid":{"rendered":"https:\/\/www.europesays.com\/fr\/383561\/"},"modified":"2025-09-11T19:53:10","modified_gmt":"2025-09-11T19:53:10","slug":"david-ribbans-fait-son-mea-culpa-je-me-suis-laisse-deborder-par-mon-envie-de-gagner","status":"publish","type":"post","link":"https:\/\/www.europesays.com\/fr\/383561\/","title":{"rendered":"David Ribbans fait son mea culpa : \u00ab Je me suis laiss\u00e9 d\u00e9border par mon envie de gagner \u00bb"},"content":{"rendered":"<p>Le deuxi\u00e8me ligne international Anglais du Rugby Club Toulonnais, David Ribbans s\u2019est confi\u00e9 dans les colonnes du <a href=\"https:\/\/www.rugbyrama.fr\/2025\/09\/11\/top-14-charles-ollivon-ma-manque-lintrospection-de-david-ribbans-apres-sa-premiere-annee-en-tant-que-capitaine-12924496.php\" rel=\"nofollow noopener\" target=\"_blank\">Midi Olympique<\/a> pour \u00e9voquer son capitanat.<\/p>\n<p>Il explique avoir \u00e9norm\u00e9ment appris la saison derni\u00e8re avec le RCT.<\/p>\n<p><strong>Selon lui, si Pierre Mignoni l\u2019a d\u00e9sign\u00e9 capitaine, c\u2019est parce qu\u2019il sait montrer l\u2019exemple sur le terrain. Extrait:<\/strong><\/p>\n<p>\u00ab\u00a0Je n\u2019aime pas \u00eatre l\u2019image de l\u2019\u00e9quipe. Je pr\u00e9f\u00e8re \u00eatre un joueur d\u2019\u00e9quipe, dans l\u2019ombre, qui met son corps devant les adversaires. Mais oui, l\u2019ann\u00e9e derni\u00e8re a \u00e9t\u00e9 bien diff\u00e9rente.<\/p>\n<p>C\u2019\u00e9tait enrichissant. \u00c0 Toulon, on ne doit pas reculer devant les responsabilit\u00e9s. De toute mani\u00e8re, je n\u2019ai pas tout chang\u00e9 : Pierre Mignoni m\u2019a choisi parce qu\u2019il a estim\u00e9 que j\u2019\u00e9tais un joueur qui montrait l\u2019exemple, pas parce que j\u2019\u00e9tais un parleur.\u00a0\u00bb<\/p>\n<p><strong>Il regrette cependant de ne pas parler correctement fran\u00e7ais. Extrait:<\/strong><\/p>\n<p>\u00ab\u00a0J\u2019ai pu \u00eatre un peu frustr\u00e9 par moments sur le fait de ne pas bien parler fran\u00e7ais. Il y a aussi beaucoup d\u2019obligations m\u00e9diatiques\u2026 Ce n\u2019est pas la chose que je pr\u00e9f\u00e8re (rires) !\u00a0\u00bb\u00a0\u00bb<\/p>\n<p>Pour conclure, David Ribbans effectue son mea culpa.<\/p>\n<p><strong>Il estime s\u2019\u00eatre tromp\u00e9, \u00e0 certains moments de la saison, sur son discours. Extrait:<\/strong><\/p>\n<p>\u00ab\u00a0La fa\u00e7on dont j\u2019aime \u00eatre trait\u00e9 diff\u00e8re d\u2019autres mecs. Chaque individu est unique. Il m\u2019a fallu du temps pour le comprendre. J\u2019ai essay\u00e9 de savoir comment m\u2019adresser \u00e0 chacun selon le contexte. Parfois, communiquer, c\u2019est aussi se taire. J\u2019aurais pu \u00eatre meilleur. J\u2019ai \u00e9t\u00e9 n\u00e9gatif dans mes \u00e9motions. Je me suis laiss\u00e9 d\u00e9border par mon envie de gagner. Je n\u2019ai pas su rassurer les gars. Je n\u2019ai pas \u00e9t\u00e9 assez bon dans cet aspect.\u00a0\u00bb\u00a0<\/p>\n","protected":false},"excerpt":{"rendered":"Le deuxi\u00e8me ligne international Anglais du Rugby Club Toulonnais, David Ribbans s\u2019est confi\u00e9 dans les colonnes du Midi&hellip;\n","protected":false},"author":2,"featured_media":249852,"comment_status":"","ping_status":"","sticky":false,"template":"","format":"standard","meta":{"footnotes":""},"categories":[1416],"tags":[1011,27,479,1468,60],"class_list":{"0":"post-383561","1":"post","2":"type-post","3":"status-publish","4":"format-standard","5":"has-post-thumbnail","7":"category-rugby","8":"tag-fr","9":"tag-france","10":"tag-rugby","11":"tag-rugby-football","12":"tag-sports"},"share_on_mastodon":{"url":"https:\/\/pubeurope.com\/@fr\/115187417347064540","error":""},"_links":{"self":[{"href":"https:\/\/www.europesays.com\/fr\/wp-json\/wp\/v2\/posts\/383561","targetHints":{"allow":["GET"]}}],"collection":[{"href":"https:\/\/www.europesays.com\/fr\/wp-json\/wp\/v2\/posts"}],"about":[{"href":"https:\/\/www.europesays.com\/fr\/wp-json\/wp\/v2\/types\/post"}],"author":[{"embeddable":true,"href":"https:\/\/www.europesays.com\/fr\/wp-json\/wp\/v2\/users\/2"}],"replies":[{"embeddable":true,"href":"https:\/\/www.europesays.com\/fr\/wp-json\/wp\/v2\/comments?post=383561"}],"version-history":[{"count":0,"href":"https:\/\/www.europesays.com\/fr\/wp-json\/wp\/v2\/posts\/383561\/revisions"}],"wp:featuredmedia":[{"embeddable":true,"href":"https:\/\/www.europesays.com\/fr\/wp-json\/wp\/v2\/media\/249852"}],"wp:attachment":[{"href":"https:\/\/www.europesays.com\/fr\/wp-json\/wp\/v2\/media?parent=383561"}],"wp:term":[{"taxonomy":"category","embeddable":true,"href":"https:\/\/www.europesays.com\/fr\/wp-json\/wp\/v2\/categories?post=383561"},{"taxonomy":"post_tag","embeddable":true,"href":"https:\/\/www.europesays.com\/fr\/wp-json\/wp\/v2\/tags?post=383561"}],"curies":[{"name":"wp","href":"https:\/\/api.w.org\/{rel}","templated":true}]}}