{"id":383562,"date":"2025-09-11T19:54:12","date_gmt":"2025-09-11T19:54:12","guid":{"rendered":"https:\/\/www.europesays.com\/fr\/383562\/"},"modified":"2025-09-11T19:54:12","modified_gmt":"2025-09-11T19:54:12","slug":"resultat-harold-mayot-gregoire-barrere-challenger-rennes-deuxieme-tour-jeudi-11-septembre-2025-lequipe","status":"publish","type":"post","link":"https:\/\/www.europesays.com\/fr\/383562\/","title":{"rendered":"R\u00e9sultat : Harold Mayot &#8211; Gr\u00e9goire Barr\u00e8re, Challenger, Rennes, Deuxi\u00e8me tour, Jeudi 11 septembre 2025 &#8211; L&#039;\u00c9quipe"},"content":{"rendered":"<ol>\n<li><a href=\"https:\/\/news.google.com\/rss\/articles\/CBMixgFBVV95cUxNa0JlSmVnRzdKWUtfV2pFbElnSkx1MExnY1ZYYkx3SFIzME5VV3J5Ukh1RF96RUpLa2hJenhvaHRMS1k4MEcwNFZYZ2lfZ25na1JLX0ZOV2xwbEF1cExEcG9FYUFkUS05ZWF3NTJ5YUV4b2RKa0E5M04zblFOT3hkaHREZ0tHU2N2T3VkdC1kLUMySUEzRmlUSVNKaWJySFUxUEltZEJtNm1zMXJXVF9RYXFTVDZRcXNXUVZXTHoyeFNnc1dQbkE?oc=5\" target=\"_blank\" rel=\"nofollow noopener\">R\u00e9sultat : Harold Mayot &#8211; Gr\u00e9goire Barr\u00e8re, Challenger, Rennes, Deuxi\u00e8me tour, Jeudi 11 septembre 2025<\/a>&nbsp;&nbsp;L&rsquo;\u00c9quipe<\/li>\n<li><a href=\"https:\/\/news.google.com\/rss\/articles\/CBMi0AFBVV95cUxOczk1OVFPd2Q4OWhjSGhndGNrcnc2TWlhOWlvdlctR2RsaTdZMDNfYTV6YmdiMFBJTVgtSTZaT1NaUWRFSC12aGNyVjZ1ZDAwbkZWam4xYU5JTF9GNXQtUHQwUHhDRDBmYWs2WU8td3gwcUpMVVhfMTlTY0pJQkotb2V0bVZtU2Y5WkkzWWJPeVlPdjB3V1dwT011SGVleE8wSGRGUmJYc1o2eFZvN1YySWROWmtFbk1PTzJmdDVJZU9PakY4QWdVYTAwRzZfMXNu?oc=5\" target=\"_blank\" rel=\"nofollow noopener\">Football \u2013 Arkema Premi\u00e8re Ligue : pour son entr\u00e9e en lice, le HAC m\u00e9ritait mieux<\/a>&nbsp;&nbsp;Paris Normandie<\/li>\n<li><a href=\"https:\/\/news.google.com\/rss\/articles\/CBMi8gFBVV95cUxQT0xZeFhIVkp4a3JnTGt4TmVnY1J4QjZmZTBSd0ttdV9KZFNFX2tkY2dYSjNFT1ZYcTBPdFVvUHZuWjNreU1DQmtZaFpCdV9fSS1PMnROeVNfd1VkWEFPNHdKaWpET2dtLUJ3blplOTlDYkx4bkJFbk16UUhlb3VXdGFuS3RMWUVJeExFUWFaWTNaZjBsZHY5bXUxOE9lQXU1S0lPSXNPUjJEWEllb2ZNVTY5MnhaNDNsbllvcklVRkJYREdWbDNHdjJCRTdpRkZKSEZtcHgtRHZUbEwxYjNieWdodUl2VXZ1RWx0cjNXeFRhZw?oc=5\" target=\"_blank\" rel=\"nofollow noopener\">Kop Racing du lundi 8 septembre &#8211; Les f\u00e9minines ram\u00e8nent un point du havre (2-2)<\/a>&nbsp;&nbsp;BFMTV<\/li>\n<li><a href=\"https:\/\/news.google.com\/rss\/articles\/CBMidEFVX3lxTE1GN050T1dyMHJaZHlPYWZxelprZmlQLTBWbmF6Skd1VmxHU0JZYlBqMGRzRVBudy01X2tNZWFTSWdnMFZubmdhUWk2YkN3TGlGN0hYZGppQndzMXlXdzdMM3RicW1qLXp0TzhoZDBQUkZseERQ?oc=5\" target=\"_blank\" rel=\"nofollow noopener\">Le Havre r\u00eave du grand large<\/a>&nbsp;&nbsp;f\u00e9d\u00e9ration fran\u00e7aise de football &#8211; FFF<\/li>\n<li><a href=\"https:\/\/news.google.com\/rss\/articles\/CBMibEFVX3lxTE4xemxoeEpnTEM1cVNEbzl0WkFKLUNrYWpoY1BKVC1GQW5DX1ZLaHFId1poVnlkZzNvdmt5cXJ6QlcwVjBKR2ZPYmNDU1FZSnVLb2lKR1VVdF94amp3WV93Z0tuRlZTT0ZoZjlhVA?oc=5\" target=\"_blank\" rel=\"nofollow noopener\">Football. Division 1 f\u00e9minine : Manon Wahl, le mur du Racing est d\u00e9j\u00e0 solide<\/a>&nbsp;&nbsp;DNA<\/li>\n<\/ol>\n","protected":false},"excerpt":{"rendered":"R\u00e9sultat : Harold Mayot &#8211; Gr\u00e9goire Barr\u00e8re, Challenger, Rennes, Deuxi\u00e8me tour, Jeudi 11 septembre 2025&nbsp;&nbsp;L&rsquo;\u00c9quipe Football \u2013 Arkema&hellip;\n","protected":false},"author":2,"featured_media":1983,"comment_status":"","ping_status":"","sticky":false,"template":"","format":"standard","meta":{"footnotes":""},"categories":[1415],"tags":[1011,27,60,1467],"class_list":{"0":"post-383562","1":"post","2":"type-post","3":"status-publish","4":"format-standard","5":"has-post-thumbnail","7":"category-tennis","8":"tag-fr","9":"tag-france","10":"tag-sports","11":"tag-tennis"},"share_on_mastodon":{"url":"https:\/\/pubeurope.com\/@fr\/115187421214324937","error":""},"_links":{"self":[{"href":"https:\/\/www.europesays.com\/fr\/wp-json\/wp\/v2\/posts\/383562","targetHints":{"allow":["GET"]}}],"collection":[{"href":"https:\/\/www.europesays.com\/fr\/wp-json\/wp\/v2\/posts"}],"about":[{"href":"https:\/\/www.europesays.com\/fr\/wp-json\/wp\/v2\/types\/post"}],"author":[{"embeddable":true,"href":"https:\/\/www.europesays.com\/fr\/wp-json\/wp\/v2\/users\/2"}],"replies":[{"embeddable":true,"href":"https:\/\/www.europesays.com\/fr\/wp-json\/wp\/v2\/comments?post=383562"}],"version-history":[{"count":0,"href":"https:\/\/www.europesays.com\/fr\/wp-json\/wp\/v2\/posts\/383562\/revisions"}],"wp:featuredmedia":[{"embeddable":true,"href":"https:\/\/www.europesays.com\/fr\/wp-json\/wp\/v2\/media\/1983"}],"wp:attachment":[{"href":"https:\/\/www.europesays.com\/fr\/wp-json\/wp\/v2\/media?parent=383562"}],"wp:term":[{"taxonomy":"category","embeddable":true,"href":"https:\/\/www.europesays.com\/fr\/wp-json\/wp\/v2\/categories?post=383562"},{"taxonomy":"post_tag","embeddable":true,"href":"https:\/\/www.europesays.com\/fr\/wp-json\/wp\/v2\/tags?post=383562"}],"curies":[{"name":"wp","href":"https:\/\/api.w.org\/{rel}","templated":true}]}}