{"id":383563,"date":"2025-09-11T19:56:11","date_gmt":"2025-09-11T19:56:11","guid":{"rendered":"https:\/\/www.europesays.com\/fr\/383563\/"},"modified":"2025-09-11T19:56:11","modified_gmt":"2025-09-11T19:56:11","slug":"tout-ce-quil-faut-retenir-de-ce-jeudi-a-misano","status":"publish","type":"post","link":"https:\/\/www.europesays.com\/fr\/383563\/","title":{"rendered":"Tout ce qu&rsquo;il faut retenir de ce jeudi \u00e0 Misano"},"content":{"rendered":"<p>\u00c0 peine remis d&rsquo;un GP de Catalogne spectaculaire, les pilotes MotoGP\u2122 reprennent du service ce week-end \u00e0 Misano \u00e0 l&rsquo;occasion de la 16e manche du Championnat du Monde. Enea Bastianini (Red Bull KTM Tech3), Alex M\u00e1rquez (BK8 Gresing Racing MotoGP\u2122) et Luca Marini (Honda HRC Castrol) \u00e9taient les invit\u00e9s de la conf\u00e9rence de presse de ce jeudi en amont du Grand Prix Red Bull de Saint-Marin et de la Riviera de Rimini. Comme toujours, revenons sur les points les plus importants de la journ\u00e9e.<\/p>\n<p>Ce week-end, parmi les pilotes qui seront les plus surveill\u00e9s, on en compte un qui b\u00e9n\u00e9ficie d&rsquo;une wildcard. En effet, Augusto Fern\u00e1ndez sera en piste avec le moteur V4 de Yamaha pour la toute premi\u00e8re fois en Grand Prix. Fabio Quartararo (Monster Energy Yamaha MotoGP\u2122), Jack Miller (Prima Pramac Yamaha MotoGP\u2122) et Alex Rins (Monster Energy Yamaha MotoGP\u2122) nous ont parl\u00e9 de cet \u00e9v\u00e9nement tr\u00e8s attendu au sein de l&rsquo;usine d&rsquo;Iwata.<\/p>\n<p><a href=\"https:\/\/www.motogp.com\/fr\/videos\/2025\/09\/11\/-jespere-quaugusto-terminera-devant-nous-les-pilotes-yamaha-au-sujet-des-debuts-du-v4\/758711?playlistId=17859\" rel=\"nofollow noopener\" target=\"_blank\">Vid\u00e9o \u2013 \u00ab\u00a0J\u2019esp\u00e8re qu&rsquo;Augusto terminera devant nous\u00a0\u00bb\u00a0: les pilotes Yamaha au sujet des d\u00e9buts du V4<\/a><\/p>\n<p>Apr\u00e8s un d\u00e9but de week-end absolument catastrophique \u00e0 Barcelone suivi d&rsquo;une belle remont\u00e9e le dimanche, Francesco Bagnaia (Ducati Lenovo Team) esp\u00e8re rebondir \u00e0 domicile. L&rsquo;Italien est gonfl\u00e9 \u00e0 bloc et a pu notamment profiter de conseils de son co\u00e9quipier Marc M\u00e1rquez (Ducati Lenovo Team), qui survole ce Championnat du Monde 2025.<\/p>\n<p><a href=\"https:\/\/www.motogp.com\/fr\/videos\/2025\/09\/11\/bagnaia-motive-en-amont-de-misano-un-peu-comme-mon-jardin\/758679?playlistId=17859\" rel=\"nofollow noopener\" target=\"_blank\">Vid\u00e9o \u2013 Bagnaia motiv\u00e9 en amont de Misano\u00a0: \u00ab\u00a0Un peu comme mon jardin\u00a0\u00bb<\/a><\/p>\n<p><a href=\"https:\/\/www.motogp.com\/fr\/videos\/2025\/09\/11\/bagnaia-reconnaissant-de-mmarquez-pour-ses-conseils-vous-devez-lecouter\/758684?playlistId=17859\" rel=\"nofollow noopener\" target=\"_blank\">Vid\u00e9o \u2013 Bagnaia reconnaissant de M.M\u00e1rquez pour ses conseils\u00a0: \u00ab\u00a0Vous devez l\u2019\u00e9couter\u00a0\u00bb<\/a><\/p>\n<p><a href=\"https:\/\/www.motogp.com\/fr\/videos\/2025\/09\/11\/flashback-misano-un-circuit-qui-rappelle-de-doux-souvenirs-a-bagnaia\/757711?playlistId=17859\" rel=\"nofollow noopener\" target=\"_blank\">Vid\u00e9o \u2013 FLASHBACK\u00a0: Misano, un circuit qui rappelle de doux souvenirs \u00e0 Bagnaia<\/a><\/p>\n<p>De son c\u00f4t\u00e9, Marc M\u00e1rquez se rapproche \u00e0 pas de g\u00e9ant de son septi\u00e8me titre de Champion du Monde MotoGP\u2122. Priv\u00e9 d&rsquo;une premi\u00e8re balle de match dimanche, le n\u00b093 sait qu&rsquo;il a de grandes chances d&rsquo;\u00eatre sacr\u00e9 au cours de la tourn\u00e9e asiatique.<\/p>\n<p><a href=\"https:\/\/www.motogp.com\/fr\/videos\/2025\/09\/11\/comment-mmarquez-compte-t-il-aborder-les-prochaines-courses\/758682?playlistId=17859\" rel=\"nofollow noopener\" target=\"_blank\">Vid\u00e9o \u2013 Comment M.M\u00e1rquez compte-t-il aborder les prochaines courses\u00a0?<\/a><\/p>\n<p>Car oui, s&rsquo;il n&rsquo;a pas la possibilit\u00e9 math\u00e9matique d&rsquo;\u00eatre Champion du Monde d\u00e8s ce week-end, c&rsquo;est parce que le pilote d&rsquo;usine Ducati a \u00e9t\u00e9 battu en Catalogne par Alex M\u00e1rquez. Auteur de son deuxi\u00e8me succ\u00e8s en cat\u00e9gorie reine, le n\u00b073 rebondit parfaitement apr\u00e8s une p\u00e9riode d\u00e9licate et une chute en Tissot Sprint samedi alors qu&rsquo;il menait la course.<\/p>\n<p><a href=\"https:\/\/www.motogp.com\/fr\/videos\/2025\/09\/11\/un-important-reset-pour-la-confiance-amarquez-bien-determine-a-poursuivre-sur-sa-lancee\/758731?playlistId=17859\" rel=\"nofollow noopener\" target=\"_blank\">Vid\u00e9o \u2013 \u00ab\u00a0Un important reset pour la confiance\u00a0\u00bb\u00a0: A.M\u00e1rquez bien d\u00e9termin\u00e9 \u00e0 poursuivre sur sa lanc\u00e9e<\/a><\/p>\n<p>Enfin, on apprenait la semaine derni\u00e8re le changement de chef m\u00e9canicien d&rsquo;Enea Bastianini. Jusqu&rsquo;\u00e0 pr\u00e9sent associ\u00e9 \u00e0 Alberto Giribuola, l&rsquo;Italien travaillera d\u00e9sormais aux c\u00f4t\u00e9s de Xavi Palacin.<\/p>\n<p><a href=\"https:\/\/www.motogp.com\/fr\/videos\/2025\/09\/11\/bastianini-confirme-son-changement-de-chef-mecanicien\/758732?playlistId=17859\" rel=\"nofollow noopener\" target=\"_blank\">Vid\u00e9o \u2013 Bastianini confirme son changement de chef m\u00e9canicien<\/a><\/p>\n<p>Rendez-vous vendredi \u00e0 9h00 pour les premi\u00e8res s\u00e9ances d\u2019essais libres de ce GP\u00a0!<\/p>\n","protected":false},"excerpt":{"rendered":"\u00c0 peine remis d&rsquo;un GP de Catalogne spectaculaire, les pilotes MotoGP\u2122 reprennent du service ce week-end \u00e0 Misano&hellip;\n","protected":false},"author":2,"featured_media":383564,"comment_status":"","ping_status":"","sticky":false,"template":"","format":"standard","meta":{"footnotes":""},"categories":[1413],"tags":[1011,27,1457,1456,60,2032],"class_list":{"0":"post-383563","1":"post","2":"type-post","3":"status-publish","4":"format-standard","5":"has-post-thumbnail","7":"category-moto","8":"tag-fr","9":"tag-france","10":"tag-moto","11":"tag-motocycle","12":"tag-sports","13":"tag-text"},"share_on_mastodon":{"url":"https:\/\/pubeurope.com\/@fr\/115187429184779681","error":""},"_links":{"self":[{"href":"https:\/\/www.europesays.com\/fr\/wp-json\/wp\/v2\/posts\/383563","targetHints":{"allow":["GET"]}}],"collection":[{"href":"https:\/\/www.europesays.com\/fr\/wp-json\/wp\/v2\/posts"}],"about":[{"href":"https:\/\/www.europesays.com\/fr\/wp-json\/wp\/v2\/types\/post"}],"author":[{"embeddable":true,"href":"https:\/\/www.europesays.com\/fr\/wp-json\/wp\/v2\/users\/2"}],"replies":[{"embeddable":true,"href":"https:\/\/www.europesays.com\/fr\/wp-json\/wp\/v2\/comments?post=383563"}],"version-history":[{"count":0,"href":"https:\/\/www.europesays.com\/fr\/wp-json\/wp\/v2\/posts\/383563\/revisions"}],"wp:featuredmedia":[{"embeddable":true,"href":"https:\/\/www.europesays.com\/fr\/wp-json\/wp\/v2\/media\/383564"}],"wp:attachment":[{"href":"https:\/\/www.europesays.com\/fr\/wp-json\/wp\/v2\/media?parent=383563"}],"wp:term":[{"taxonomy":"category","embeddable":true,"href":"https:\/\/www.europesays.com\/fr\/wp-json\/wp\/v2\/categories?post=383563"},{"taxonomy":"post_tag","embeddable":true,"href":"https:\/\/www.europesays.com\/fr\/wp-json\/wp\/v2\/tags?post=383563"}],"curies":[{"name":"wp","href":"https:\/\/api.w.org\/{rel}","templated":true}]}}