{"id":383565,"date":"2025-09-11T19:57:17","date_gmt":"2025-09-11T19:57:17","guid":{"rendered":"https:\/\/www.europesays.com\/fr\/383565\/"},"modified":"2025-09-11T19:57:17","modified_gmt":"2025-09-11T19:57:17","slug":"le-photographe-bernard-bakalian-celebre-le-40eme-anniversaire-du-premier-titre-de-champion-du-monde-de-f1-dalain-prost-par-un-nouvel-ouvrage-dart-photographique","status":"publish","type":"post","link":"https:\/\/www.europesays.com\/fr\/383565\/","title":{"rendered":"Le photographe Bernard Bakalian c\u00e9l\u00e8bre le 40\u00e8me anniversaire du premier titre de Champion du Monde de F1 d&rsquo;Alain Prost par un nouvel ouvrage d&rsquo;art photographique"},"content":{"rendered":"<p><img decoding=\"async\" src=\"https:\/\/www.europesays.com\/fr\/wp-content\/uploads\/2025\/09\/04-Livre-seul-Prost-p-02-03-678x381.jpg\" alt=\"\" title=\"\"\/><\/p>\n<p><strong>Bernard Bakalian, photographe, pr\u00e9sente une nouvelle collection de beaux livres albums \u00ab Mes Ann\u00e9es F1\u2026 \u00bb dans la cat\u00e9gorie LABC \u2013 Limited Art Book Collection, pr\u00e9sent\u00e9s dans un coffret. Les livres d\u2019art photos, en tirage limit\u00e9 \u00e0 250 exemplaires, pour cette collection, sont illustr\u00e9s avec des images de Bernard Bakalian, r\u00e9alis\u00e9es pendant les 218 GP de F1, qu\u2019il a couvert depuis 1980, aux c\u00f4t\u00e9s des grands champions du sport automobile international. Ce nouveau livre photos est destin\u00e9 \u00e0 Alain Prost, pour le 40\u00e8me anniversaire de son premier titre de Champion du Monde de Formule 1. (6 octobre 1985-2025).<\/strong><br \/>\n<img loading=\"lazy\" decoding=\"async\" class=\"size-full wp-image-42300\" src=\"https:\/\/www.europesays.com\/fr\/wp-content\/uploads\/2025\/09\/BB1286018-e1757619241702.jpg\" alt=\"\" width=\"620\" height=\"315\"\/>Livre d\u2019Art Alain Prost by Bernard Bakalian.<br \/>Mes Ann\u00e9es F1.<br \/>LABC \u2013 MAF1<br \/>40\u00e8me anniversaire du premier titre de Champion du Monde.<\/p>\n<p style=\"text-align: justify;\">C\u2019est un ouvrage avec peu de r\u00e9dactionnel, dont la priorit\u00e9 est donn\u00e9e aux photos, en parties in\u00e9dites, dans un ordre semi-chronologique sur le Champion fran\u00e7ais, pendant les s\u00e9ances d\u2019essais priv\u00e9s, les courses, les moments intimes, priv\u00e9s et familiaux. Une pr\u00e9face exclusive du quadruple Champion du Monde de Formule 1, Alain Prost ouvre ce magnifique livre album de collection, avec les photos de Bernard Bakalian, depuis ses d\u00e9buts en F1 en 1980, jusqu\u2019aux ann\u00e9es Williams-Renault en 1993, sans oublier sa participation aux courses sur glaces, du Troph\u00e9e Andros, entre le 2003 et 2012, avec 3 titres.<\/p>\n<p><img loading=\"lazy\" decoding=\"async\" class=\"alignnone size-full wp-image-42302\" src=\"https:\/\/www.europesays.com\/fr\/wp-content\/uploads\/2025\/09\/03-Livre-seul-Prost-e1757619309271.jpg\" alt=\"\" width=\"620\" height=\"413\"\/><\/p>\n<p style=\"text-align: justify;\">Sur chaque exemplaire num\u00e9rot\u00e9, de 1\/250 \u00e0 250\/250, la d\u00e9dicace manuscrite du photographe, confirme que ces albums exceptionnels deviendront des pi\u00e8ces de collection et prendront de la valeur au fil du temps. Le livre album est livr\u00e9 dans une bo\u00eete fabriqu\u00e9e \u00e0 la main en mat\u00e9riau rigide HDF (High Density Fiberboard), puis recouverte de similicuir Cloud Nuage de couleur noir avec un couvercle plexi transparent maintenu par 4 jeux d\u2019aimants.<\/p>\n<p><img loading=\"lazy\" decoding=\"async\" class=\"size-full wp-image-42304\" src=\"https:\/\/www.europesays.com\/fr\/wp-content\/uploads\/2025\/09\/BB1286015-e1757619354830.jpg\" alt=\"\" width=\"620\" height=\"315\"\/>Livre d\u2019Art Alain Prost by Bernard Bakalian.<br \/>Mes Ann\u00e9es F1.<br \/>LABC \u2013 MAF1<br \/>40\u00e8me anniversaire du premier titre de Champion du Monde.<\/p>\n<p style=\"text-align: justify;\">Chaque album est confectionn\u00e9 \u00e0 la demande (d\u00e9lai \u00b130 jours). Les pages \u00e9paisses (300gr) sont recouvertes d\u2019un papier photographique professionnel HD, permettant \u00e0 l\u2019image N&amp;B ou couleur, d\u2019exprimer toute sa force journalistique ou artistique, avec une technologie num\u00e9rique perfectionn\u00e9e. Un syst\u00e8me de reliure in\u00e9dit brevet\u00e9, avec ouverture \u00e0 plat permet de visualiser la page panoramique sans voir une s\u00e9paration dans la pliure. Ce bloc-livre n\u2019est en r\u00e9alit\u00e9 rien d\u2019autre que la r\u00e9ponse \u00e0 une exigence exprim\u00e9e par les amateurs de beaux livres photographiques.<\/p>\n<p><img loading=\"lazy\" decoding=\"async\" class=\"size-full wp-image-42306\" src=\"https:\/\/www.europesays.com\/fr\/wp-content\/uploads\/2025\/09\/BB1286017-e1757619393219.jpg\" alt=\"\" width=\"620\" height=\"315\"\/>Livre d\u2019Art Alain Prost by Bernard Bakalian.<br \/>Mes Ann\u00e9es F1.<br \/>LABC \u2013 MAF1<br \/>40\u00e8me anniversaire du premier titre de Champion du Monde.<\/p>\n<p style=\"text-align: justify;\">Pr\u00e9sent\u00e9 dans un coffret en Similicuir Cloud Nuage de couleur noir avec un couvercle en plexi transparent maintenu par quatre jeux d\u2019aimants. Un ruban rouge en satin fin brillant, compl\u00e8te parfaitement les tons du livre, tout en rappelant, avec le bleu du Similicuir Cloud Nuage les couleurs du casque d\u2019Alain Prost.<\/p>\n<p><strong>\u00ab\u00a0Mes Ann\u00e9es F1\u2026\u00a0\u00bb by Bernard Bakalian \u2013 Alain Prost \u2013 1985-2025, 40\u00e8me anniversaire du premier titre de champion du monde \u2013 Tirage limit\u00e9 \u00e0 250 exemplaires num\u00e9rot\u00e9s<\/strong><\/p>\n<p style=\"text-align: justify;\">En vente uniquement sur r\u00e9servation. Environ 30 jours de d\u00e9lai. Prix : 950,00 \u20ac TTC + le port par UPS : 45,00 \u20ac (France). International sur demande (devis). R\u00e9servation : photo@bakalian.com \u2013 +33 6 80 72 46 32<\/p>\n<p style=\"text-align: justify;\">Dans la m\u00eame collection \u00ab Mes Ann\u00e9es F1\u2026 \u00bb by Bernard Bakalian : Ayrton Senna<\/p>\n","protected":false},"excerpt":{"rendered":"Bernard Bakalian, photographe, pr\u00e9sente une nouvelle collection de beaux livres albums \u00ab Mes Ann\u00e9es F1\u2026 \u00bb dans la&hellip;\n","protected":false},"author":2,"featured_media":383566,"comment_status":"","ping_status":"","sticky":false,"template":"","format":"standard","meta":{"footnotes":""},"categories":[1412],"tags":[47338,51634,51635,1451,1452,1453,1454,51636,1455,1011,27,51637,51638,51639,51640,60],"class_list":{"0":"post-383565","1":"post","2":"type-post","3":"status-publish","4":"format-standard","5":"has-post-thumbnail","7":"category-f1","8":"tag-alain-prost","9":"tag-bernard-bakalian","10":"tag-bernard-bakalian-f1","11":"tag-f1","12":"tag-formula-1","13":"tag-formula1","14":"tag-formule-1","15":"tag-formule-1-alain-prost","16":"tag-formule1","17":"tag-fr","18":"tag-france","19":"tag-livre-alain-prost","20":"tag-livre-f1","21":"tag-photos-alain-prost","22":"tag-prost-f1","23":"tag-sports"},"share_on_mastodon":{"url":"https:\/\/pubeurope.com\/@fr\/115187433590112608","error":""},"_links":{"self":[{"href":"https:\/\/www.europesays.com\/fr\/wp-json\/wp\/v2\/posts\/383565","targetHints":{"allow":["GET"]}}],"collection":[{"href":"https:\/\/www.europesays.com\/fr\/wp-json\/wp\/v2\/posts"}],"about":[{"href":"https:\/\/www.europesays.com\/fr\/wp-json\/wp\/v2\/types\/post"}],"author":[{"embeddable":true,"href":"https:\/\/www.europesays.com\/fr\/wp-json\/wp\/v2\/users\/2"}],"replies":[{"embeddable":true,"href":"https:\/\/www.europesays.com\/fr\/wp-json\/wp\/v2\/comments?post=383565"}],"version-history":[{"count":0,"href":"https:\/\/www.europesays.com\/fr\/wp-json\/wp\/v2\/posts\/383565\/revisions"}],"wp:featuredmedia":[{"embeddable":true,"href":"https:\/\/www.europesays.com\/fr\/wp-json\/wp\/v2\/media\/383566"}],"wp:attachment":[{"href":"https:\/\/www.europesays.com\/fr\/wp-json\/wp\/v2\/media?parent=383565"}],"wp:term":[{"taxonomy":"category","embeddable":true,"href":"https:\/\/www.europesays.com\/fr\/wp-json\/wp\/v2\/categories?post=383565"},{"taxonomy":"post_tag","embeddable":true,"href":"https:\/\/www.europesays.com\/fr\/wp-json\/wp\/v2\/tags?post=383565"}],"curies":[{"name":"wp","href":"https:\/\/api.w.org\/{rel}","templated":true}]}}