{"id":383567,"date":"2025-09-11T19:58:10","date_gmt":"2025-09-11T19:58:10","guid":{"rendered":"https:\/\/www.europesays.com\/fr\/383567\/"},"modified":"2025-09-11T19:58:10","modified_gmt":"2025-09-11T19:58:10","slug":"coppa-sabatini-11-septembre-2025-classement-velopressecollection","status":"publish","type":"post","link":"https:\/\/www.europesays.com\/fr\/383567\/","title":{"rendered":"Coppa Sabatini 11 septembre 2025 classement &#8211; Velopressecollection"},"content":{"rendered":"<ol>\n<li><a href=\"https:\/\/news.google.com\/rss\/articles\/CBMiuAFBVV95cUxPTzl5QVltVzhyVVZ2YTBkUDFqUXJVRlROV191Y2tZendPY3NyNWtqd3JMTXZubXpJcGxkZHBwdlNmdjlaVHd5WkNtXzZZaXJ4R2VsVEd2UmhaZFdsOWFlWHpiZTNkcFFDRnJ2Vk96djR1VVZ2V3BFbnJZSktJd1NMak12OWVMMkVaNm9qQ1RwVmw4OVRKY21PUS1qTHAtNVh1bFFja1k4Rm9RZnFWeng0V2VmWjlTN0Rm?oc=5\" target=\"_blank\" rel=\"nofollow noopener\">Coppa Sabatini 11 septembre 2025 classement<\/a>&nbsp;&nbsp;Velopressecollection<\/li>\n<li><a href=\"https:\/\/news.google.com\/rss\/articles\/CBMizgFBVV95cUxPaTc1c1prdk5RZTdTSkNCSFplbWxpRDF3N2FwVFNIYjM5bjB1aXB3eDRZUUkxN0FNbmZxTkEwWmRIdlBqSm9iQ3phVnlfRDYteTZwV2pHd2VBOW9mNVVwNE40cThfWXhERERabjFvazl2aFFNV1UxRUhxcEhkQW9rZkRQM2NuS1Y5bWVnQThNYmVRNGNaTW94M1VWeHZ4MTR0RjI0TDJWMTFER2pBTGRkQzFDYzU1RmM5M0Q4ZlVFRHVLdUJaQXY2YzhMWnRWZw?oc=5\" target=\"_blank\" rel=\"nofollow noopener\">Le Mexicain Isaac Del Toro encha\u00eene avec un succ\u00e8s sur la Coppa Sabatini<\/a>&nbsp;&nbsp;L&rsquo;\u00c9quipe<\/li>\n<li><a href=\"https:\/\/news.google.com\/rss\/articles\/CBMiigJBVV95cUxQVmtTczFrdkp4amh2MDFDdy05R2RzcGdYZE1HemNNbVc5VnhGZndya3I1YWkwbGZyMUtOY1RRS21VSk5laWoxZ0ZSUm1oN1RiVGFRVHFrcDBpa3hVTUpzQ2FsUGlXajdqZjVKY1FGYVdOUFVaXzhFRDBaWkhyUVUwcmplT2puS3N5cThXeEZQQkxfajFJbTBnV1NJZExrT1gtZnZfZmhBZzNSei04empReFJBaE9GRFhSVm5QSWtQNUJDUWdnV2Q0NFJDdTczQWxBRXNVTXdyeXZSeEN5Smc3M0JCSkZnekx5MXI0eXRRc0hHenFZZldFNHZrOGVTMWdUazVndnJWRUtiZw?oc=5\" target=\"_blank\" rel=\"nofollow noopener\">Cyclisme &#8211; Coppa Sabatini 2025 &#8211; Imbattable, Isaac Del Toro triple la mise en Italie&#8230; devant Benjamin Thomas !<\/a>&nbsp;&nbsp;Orange Actualit\u00e9s | Sports<\/li>\n<li><a href=\"https:\/\/news.google.com\/rss\/articles\/CBMi6wFBVV95cUxNOGozcHJDcE41aWtPSXh5eVU0NGN4VExTVGtzekY5RHdUQUpBOVlPb0szeFBVWjBHZjd4RE5vRG43T3Y1eW9fUnlBSUhjLWRVbmRCYzAxZXJCRTd5enhwZlJKVzF0QXFRbEZ6bnpMYW9HSkhNd25CdkVPUFRhQm51NTJvZGU0QnVYNUhxVVYzYjE3eGp3ODV1NmMwTEZfdmM1Y3h1UmVWYl8wTzhYUE1Za2FpQ2dzRDZkMnJuRDBSaFhwcng4R0NRUzBHSUNDQ0pBS2tZbFlzYjN0a1BRRkt5SDVFSGNBVlhjbzhJ?oc=5\" target=\"_blank\" rel=\"nofollow noopener\">Trois victoires en cinq jours: la folle s\u00e9rie du ph\u00e9nom\u00e8ne Isaac Del Toro, en feu avant les Mondiaux<\/a>&nbsp;&nbsp;RMC Sport<\/li>\n<li><a href=\"https:\/\/news.google.com\/rss\/articles\/CBMifEFVX3lxTE9lZnVnZ1BCcVd5cmxLLUtWME5JM0t5OWJ0c3g2Y2hjX2tmWjJKQVhYV2ZXR2o1R2swNGZBSVdyd0pYRWNPdTAwX1JSWTBzeWMzWi0xLWZkbTBTLU1UVlhnNkVvVS1ncmhqNmpXYk9YTVJlemYyX09JX2VmSzY?oc=5\" target=\"_blank\" rel=\"nofollow noopener\">Qui est le vainqueur de la Coppa Sabatini 2025 ? Classement et r\u00e9sultats<\/a>&nbsp;&nbsp;Dicodusport<\/li>\n<\/ol>\n","protected":false},"excerpt":{"rendered":"Coppa Sabatini 11 septembre 2025 classement&nbsp;&nbsp;Velopressecollection Le Mexicain Isaac Del Toro encha\u00eene avec un succ\u00e8s sur la Coppa&hellip;\n","protected":false},"author":2,"featured_media":381080,"comment_status":"","ping_status":"","sticky":false,"template":"","format":"standard","meta":{"footnotes":""},"categories":[1411],"tags":[1154,207,1011,27,60],"class_list":{"0":"post-383567","1":"post","2":"type-post","3":"status-publish","4":"format-standard","5":"has-post-thumbnail","7":"category-cyclisme","8":"tag-cycling","9":"tag-cyclisme","10":"tag-fr","11":"tag-france","12":"tag-sports"},"share_on_mastodon":{"url":"https:\/\/pubeurope.com\/@fr\/115187437076629884","error":""},"_links":{"self":[{"href":"https:\/\/www.europesays.com\/fr\/wp-json\/wp\/v2\/posts\/383567","targetHints":{"allow":["GET"]}}],"collection":[{"href":"https:\/\/www.europesays.com\/fr\/wp-json\/wp\/v2\/posts"}],"about":[{"href":"https:\/\/www.europesays.com\/fr\/wp-json\/wp\/v2\/types\/post"}],"author":[{"embeddable":true,"href":"https:\/\/www.europesays.com\/fr\/wp-json\/wp\/v2\/users\/2"}],"replies":[{"embeddable":true,"href":"https:\/\/www.europesays.com\/fr\/wp-json\/wp\/v2\/comments?post=383567"}],"version-history":[{"count":0,"href":"https:\/\/www.europesays.com\/fr\/wp-json\/wp\/v2\/posts\/383567\/revisions"}],"wp:featuredmedia":[{"embeddable":true,"href":"https:\/\/www.europesays.com\/fr\/wp-json\/wp\/v2\/media\/381080"}],"wp:attachment":[{"href":"https:\/\/www.europesays.com\/fr\/wp-json\/wp\/v2\/media?parent=383567"}],"wp:term":[{"taxonomy":"category","embeddable":true,"href":"https:\/\/www.europesays.com\/fr\/wp-json\/wp\/v2\/categories?post=383567"},{"taxonomy":"post_tag","embeddable":true,"href":"https:\/\/www.europesays.com\/fr\/wp-json\/wp\/v2\/tags?post=383567"}],"curies":[{"name":"wp","href":"https:\/\/api.w.org\/{rel}","templated":true}]}}