{"id":383568,"date":"2025-09-11T19:59:10","date_gmt":"2025-09-11T19:59:10","guid":{"rendered":"https:\/\/www.europesays.com\/fr\/383568\/"},"modified":"2025-09-11T19:59:10","modified_gmt":"2025-09-11T19:59:10","slug":"psg-clash-improbable-attaque-avec-sa-famille-il-vit-lenfer","status":"publish","type":"post","link":"https:\/\/www.europesays.com\/fr\/383568\/","title":{"rendered":"PSG &#8211; Clash improbable\u00a0: Attaqu\u00e9 avec sa famille, il vit l\u2019enfer\u00a0!"},"content":{"rendered":"<p>                    Dan Marciano<br \/>\n                        &#8211;<\/p>\n<p>R\u00e9dacteur<\/p>\n<p>Titulaire d&rsquo;un Master de droit international, je me suis rendu compte au bout de mon parcours universitaire qu&rsquo;il \u00e9tait important d&rsquo;\u00e9voluer dans un domaine que l&rsquo;on appr\u00e9cie. Du jour au lendemain, j&rsquo;ai d\u00e9cid\u00e9 de mettre fin au r\u00eave de mes parents, qui voyaient en moi un futur avocat, pour vivre de ma passion : le sport. Depuis, je couvre les mercatos et l&rsquo;actualit\u00e9 sportive en essayant d&rsquo;informer au mieux les lecteurs.<\/p>\n<p class=\"heading\">L\u2019\u00e9change entre Angel Di Mar\u00eda et Ander Herrera au PSG, \u00e9voquant l\u2019image de Kays Ruiz-Atil, a r\u00e9cemment refait surface, provoquant une vague de commentaires sur les r\u00e9seaux sociaux. Aujourd\u2019hui en deuxi\u00e8me division belge, le milieu de terrain de 23 ans est revenu sur l\u2019impact que cette pol\u00e9mique a eu sur sa vie priv\u00e9e, son image et sa famille.<\/p>\n<p>L\u2019histoire remonte \u00e0 plusieurs ann\u00e9es, lorsque <strong>Kays Ruiz-Atil<\/strong>, jeune espoir du <a href=\"https:\/\/le10sport.com\/football\/ligue1\/psg\/grand-changement-a-paris-un-attaquant-sannonce-au-psg-757601\" rel=\"nofollow noopener\" target=\"_blank\">PSG<\/a>, c\u00f4toyait les stars du club parisien. Impressionn\u00e9, <strong>Ander Herrera <\/strong>avait fait part de sa surprise \u00e0<strong> Angel Di Maria<\/strong>. La r\u00e9ponse de ce dernier a r\u00e9cemment refait surface. \u00ab Oublie, regarde sa voiture, regarde comment il met sa chemise Dior. Crois-moi, tu verras \u00bb aurait l\u00e2ch\u00e9 l&rsquo;Argentin. Aujourd&rsquo;hui en deuxi\u00e8me division belge, <a href=\"https:\/\/le10sport.com\/football\/ligue1\/psg\/psg-nouveau-clash-improbable-il-regle-ses-comptes-sur-instagram-757442\" rel=\"nofollow noopener\" target=\"_blank\">Ruiz-Atil <\/a>a vu son image d\u00e9form\u00e9e et son pass\u00e9 ressurgir dans un contexte m\u00e9diatique qui l\u2019a beaucoup affect\u00e9.<\/p>\n<p>                                            Ruiz-Atil d\u00e9pass\u00e9 par les \u00e9v\u00e8nements<\/p>\n<p>Lors d&rsquo;un entretien accord\u00e9 \u00e0 RMC Sport, l&rsquo;ancien membre du <strong>PSG<\/strong> est revenu sur cette d\u00e9claration. \u00ab\u00a0\u00c7a faisait plus d\u2019une semaine que\u00a0j\u2019avais vu que c\u2019\u00e9tait sorti, mais au d\u00e9but, \u00e7a ne m\u2019avait pas trop touch\u00e9. C\u2019est quand j\u2019ai vu comment \u00e7a a \u00e9t\u00e9 repris, avec les commentaires des gens, que \u00e7a m\u2019a touch\u00e9. C\u2019est pour \u00e7a que j\u2019ai voulu r\u00e9pondre en story\u00a0sur Instagram. Parce que \u00e7a a \u00e9t\u00e9 d\u00e9form\u00e9. Dans le vestiaire\u00a0du PSG, on avait parl\u00e9 de \u00e7a avec Herrera et Di Maria. Mais nous, on en rigolait. \u00c7a a \u00e9t\u00e9 mal repris. Certes, j\u2019ai fait des erreurs dans le pass\u00e9. Ils ont raison sur ce qu\u2019ils ont dit, j\u2019ai eu tort, mais ce sont des choses qui datent d\u2019il y a quatre-cinq ans. Et on ne ressort \u00e7a que maintenant, alors que des gens ont fait bien pire et qu\u2019ils sont l\u00e0 en train de jouer sur les terrains de football. Moi, on ne me laisse jamais une deuxi\u00e8me chance\u00a0\u00bb a-t-il confi\u00e9.<\/p>\n<p>                                            Un impact direct sur sa vie personnelle<\/p>\n<p>Pour <strong>Kays Ruiz-Atil,<\/strong> la pol\u00e9mique a eu des cons\u00e9quences concr\u00e8tes sur sa vie quotidienne. \u00ab\u00a0Il n\u2019y a eu pratiquement que \u00e7a. Des messages d\u00e9sagr\u00e9ables sur les r\u00e9seaux, des m\u00e9chancet\u00e9s, en s\u2019attaquant \u00e0 moi et \u00e0 ma famille. Et m\u00eame dans la vie en g\u00e9n\u00e9ral. Depuis que c\u2019est sorti, les gens me regardent bizarrement dans la rue. Quand je vais manger, ils attendent de voir ce que je vais commander pour me juger. \u00c7a a eu un impact sur ma vie priv\u00e9e. J\u2019essaie de pr\u00e9server mes proches de tout \u00e7a. Je pr\u00e9f\u00e8re que ma maman ne vienne pas voir mes matchs, pour que les gens ne sachent pas qui c\u2019est\u00a0\u00bb a l\u00e2ch\u00e9 le joueur de <strong>Francs Borains.<\/strong><\/p>\n","protected":false},"excerpt":{"rendered":"Dan Marciano &#8211; R\u00e9dacteur Titulaire d&rsquo;un Master de droit international, je me suis rendu compte au bout de&hellip;\n","protected":false},"author":2,"featured_media":383569,"comment_status":"","ping_status":"","sticky":false,"template":"","format":"standard","meta":{"footnotes":""},"categories":[1410],"tags":[63,1011,27,60],"class_list":{"0":"post-383568","1":"post","2":"type-post","3":"status-publish","4":"format-standard","5":"has-post-thumbnail","7":"category-football","8":"tag-football","9":"tag-fr","10":"tag-france","11":"tag-sports"},"share_on_mastodon":{"url":"https:\/\/pubeurope.com\/@fr\/115187441073282074","error":""},"_links":{"self":[{"href":"https:\/\/www.europesays.com\/fr\/wp-json\/wp\/v2\/posts\/383568","targetHints":{"allow":["GET"]}}],"collection":[{"href":"https:\/\/www.europesays.com\/fr\/wp-json\/wp\/v2\/posts"}],"about":[{"href":"https:\/\/www.europesays.com\/fr\/wp-json\/wp\/v2\/types\/post"}],"author":[{"embeddable":true,"href":"https:\/\/www.europesays.com\/fr\/wp-json\/wp\/v2\/users\/2"}],"replies":[{"embeddable":true,"href":"https:\/\/www.europesays.com\/fr\/wp-json\/wp\/v2\/comments?post=383568"}],"version-history":[{"count":0,"href":"https:\/\/www.europesays.com\/fr\/wp-json\/wp\/v2\/posts\/383568\/revisions"}],"wp:featuredmedia":[{"embeddable":true,"href":"https:\/\/www.europesays.com\/fr\/wp-json\/wp\/v2\/media\/383569"}],"wp:attachment":[{"href":"https:\/\/www.europesays.com\/fr\/wp-json\/wp\/v2\/media?parent=383568"}],"wp:term":[{"taxonomy":"category","embeddable":true,"href":"https:\/\/www.europesays.com\/fr\/wp-json\/wp\/v2\/categories?post=383568"},{"taxonomy":"post_tag","embeddable":true,"href":"https:\/\/www.europesays.com\/fr\/wp-json\/wp\/v2\/tags?post=383568"}],"curies":[{"name":"wp","href":"https:\/\/api.w.org\/{rel}","templated":true}]}}