{"id":383570,"date":"2025-09-11T20:00:13","date_gmt":"2025-09-11T20:00:13","guid":{"rendered":"https:\/\/www.europesays.com\/fr\/383570\/"},"modified":"2025-09-11T20:00:13","modified_gmt":"2025-09-11T20:00:13","slug":"matthieu-delormeau-de-retour-dans-tbt9-apres-avoir-accuse-gilles-verdez-dhomophobie-et-lambiance-est-pesante","status":"publish","type":"post","link":"https:\/\/www.europesays.com\/fr\/383570\/","title":{"rendered":"Matthieu Delormeau de retour dans TBT9 apr\u00e8s avoir accus\u00e9 Gilles Verdez \u201cd\u2019homophobie\u201d et l\u2019ambiance est pesante"},"content":{"rendered":"<p data-start=\"180\" data-end=\"623\"><a href=\"https:\/\/www.closermag.fr\/people\/je-le-connais-pas-hyper-bien-cyril-hanouna-met-les-choses-au-point-sur-un-de-ses-chroniqueurs-le-plateau-setrangle-3576246\" rel=\"nofollow noopener\" target=\"_blank\"><br \/>\nCyril Hanouna<\/a> a r\u00e9serv\u00e9 une <strong>surprise<\/strong> \u00e0 ses<br \/>\nt\u00e9l\u00e9spectateurs ce 11 septembre dans <a href=\"https:\/\/www.closermag.fr\/tv_tele_realite\/cyril-hanouna-derapage-dans-tbt9-lanimateur-narrive-pas-a-se-retenir-et-se-lache-sur-emmanuel-macron-3578299\" rel=\"nofollow noopener\" target=\"_blank\"><br \/>\nTBT9<\/a> : apr\u00e8s des <strong>tensions<\/strong> publiques avec<br \/>\n<a href=\"https:\/\/www.closermag.fr\/people\/il-a-reconnu-son-homophobie-matthieu-delormeau-regle-ses-comptes-avec-gilles-verdez-et-se-ravise-trop-tard-3575931\" rel=\"nofollow noopener\" target=\"_blank\"><br \/>\nGilles Verdez<\/a>, <strong>Matthieu Delormeau a fait son grand<br \/>\nretour<\/strong> autour de la table. \u201cIl va faire sa<br \/>\n<strong>premi\u00e8re \u00e9mission avec nous ce soir. Il est de retour.<br \/>\nC\u2019est Matthieu Delormeau !<\/strong>\u201d a lanc\u00e9 l\u2019animateur avant<br \/>\nde saluer son chroniqueur vedette qui retrouvait ses marques<br \/>\nrapidement.<\/p>\n<p data-start=\"625\" data-end=\"1047\">Avec son<br \/>\n<strong>humour<\/strong> habituel, Matthieu Delormeau s\u2019est amus\u00e9 de<br \/>\nson entr\u00e9e en plateau \u201c<strong>fa\u00e7on Catherine<br \/>\nDeneuve<\/strong>\u201d avant que Cyril Hanouna ne le taquine sur<br \/>\nson <strong>look<\/strong>. Tr\u00e8s vite, la bonne humeur s\u2019est m\u00eal\u00e9e \u00e0<br \/>\nun parfum de <strong>malaise.<\/strong> Notamment lorsque le<br \/>\nchroniqueur a d\u00fb \u00e9changer <strong>avec Gilles Verdez<\/strong>.<br \/>\nLeurs relations restent <strong>compliqu\u00e9es<\/strong> depuis les<br \/>\naccusations d\u2019\u201c<strong>homophobie<\/strong>\u201d de <a href=\"https:\/\/www.closermag.fr\/people\/matthieu-delormeau-nu-ce-detail-de-sa-photo-intime-publiee-par-erreur-qui-navait-echappe-a-personne-3562292\" rel=\"nofollow noopener\" target=\"_blank\"><br \/>\nMatthieu Delormeau<\/a> envers Gilles Verdez.<\/p>\n<p>Des retrouvailles sous<br \/>\ntension pour Gilles Verdez et Matthieu Delormeau<\/p>\n<p data-start=\"1091\" data-end=\"1585\">Dans une s\u00e9quence marqu\u00e9e par<br \/>\nla pr\u00e9sence de <a href=\"https:\/\/www.closermag.fr\/people\/laurent-fontaine-on-ma-cache-son-recit-perturbant-sur-la-mort-de-sa-mere-3408931\" rel=\"nofollow noopener\" target=\"_blank\"><br \/>\nLaurent Fontaine<\/a>, venu livrer son \u201c<strong>coup de<br \/>\ngueule<\/strong>\u201d, l\u2019ambiance s\u2019est faite plus lourde. Laurent<br \/>\nFontaine a d\u2019abord adress\u00e9 un \u201ccoup de c\u0153ur\u201d \u00e0 Matthieu<br \/>\nDelormeau. Il a \u00e9voqu\u00e9 leur <strong>brouille pass\u00e9e<\/strong> et a<br \/>\nlou\u00e9 son talent t\u00e9l\u00e9visuel. \u201c<strong>Ce mec aurait pu pr\u00e9senter<br \/>\nCapital.<\/strong>\u201d De quoi <strong>\u00e9mouvoir<\/strong> le<br \/>\nchroniqueur avant que la discussion ne d\u00e9vie sur un sujet br\u00fblant.<br \/>\nUne <strong>d\u00e9cision<\/strong> de la Cour de cassation concernant le<br \/>\nreport des cong\u00e9s pay\u00e9s.<\/p>\n<p data-start=\"1587\" data-end=\"2081\">C\u2019est \u00e0 ce moment que les<br \/>\n<strong>tensions<\/strong> sont remont\u00e9es \u00e0 la surface. En d\u00e9saccord<br \/>\navec Gilles Verdez, Matthieu Delormeau a l\u00e2ch\u00e9 : \u201c<strong>Oh putain\u2026 c\u2019est hallucinant ce que<br \/>\ntu dis Gilles. Je ne sais pas comment tu peux continuer \u00e0 parler<br \/>\ncomme \u00e7a !<\/strong>\u201d Face \u00e0 lui, Gilles Verdez a r\u00e9pondu<br \/>\ncalmement qu\u2019il se pla\u00e7ait \u201cdu c\u00f4t\u00e9 des salari\u00e9s\u201d et<br \/>\nd\u00e9non\u00e7ait le \u201cm\u00e9pris des salari\u00e9s\u201d. Cyril Hanouna, un brin<br \/>\nmal \u00e0 l\u2019aise, a tent\u00e9 de d\u00e9miner la situation en ironisant :<br \/>\n\u201cVous \u00eates <strong>contents de vous retrouver tous les deux<br \/>\n!<\/strong>\u201d<\/p>\n<p>Un<br \/>\nconflit entre deux chroniqueurs qui perdure<\/p>\n<p data-start=\"2110\" data-end=\"2409\">Si le retour de Matthieu<br \/>\nDelormeau fait parler, c\u2019est bien les <strong>tensions entre lui et<br \/>\nGilles Verdez qui risque de retenir l\u2019attention<\/strong> des<br \/>\nprochains num\u00e9ros. Les <strong>tensions pass\u00e9es ne semblent pas<br \/>\ntotalement apais\u00e9es<\/strong>. Et chaque <strong>d\u00e9bat pourrait<br \/>\nrallumer la flamme<\/strong> des d\u00e9saccords.<\/p>\n<p data-start=\"2411\" data-end=\"2785\">Pour Cyril Hanouna, ce retour<br \/>\nreste un pari audacieux. Miser sur la <strong>franchise parfois<br \/>\nbrutale de Matthieu Delormeau<\/strong> pour dynamiser son \u00e9mission.<br \/>\nMais le tout en gardant sous <strong>contr\u00f4le les<br \/>\naccrochages<\/strong> qui pourraient peser sur l\u2019ambiance du<br \/>\nplateau. Les t\u00e9l\u00e9spectateurs ne manqueront pas d\u2019y voir une<br \/>\nnouvelle promesse de <strong>s\u00e9quences fortes et<br \/>\nimpr\u00e9visibles.<\/strong><\/p>\n","protected":false},"excerpt":{"rendered":"Cyril Hanouna a r\u00e9serv\u00e9 une surprise \u00e0 ses t\u00e9l\u00e9spectateurs ce 11 septembre dans TBT9 : apr\u00e8s des tensions&hellip;\n","protected":false},"author":2,"featured_media":383571,"comment_status":"","ping_status":"","sticky":false,"template":"","format":"standard","meta":{"footnotes":""},"categories":[1359],"tags":[548,58,59,1011,27,16181,7830,973,22497,49534],"class_list":{"0":"post-383570","1":"post","2":"type-post","3":"status-publish","4":"format-standard","5":"has-post-thumbnail","7":"category-people","8":"tag-article-simple","9":"tag-divertissement","10":"tag-entertainment","11":"tag-fr","12":"tag-france","13":"tag-gilles-verdez","14":"tag-matthieu-delormeau","15":"tag-people","16":"tag-tout-beau","17":"tag-tout-n9uf"},"share_on_mastodon":{"url":"https:\/\/pubeurope.com\/@fr\/115187444879363789","error":""},"_links":{"self":[{"href":"https:\/\/www.europesays.com\/fr\/wp-json\/wp\/v2\/posts\/383570","targetHints":{"allow":["GET"]}}],"collection":[{"href":"https:\/\/www.europesays.com\/fr\/wp-json\/wp\/v2\/posts"}],"about":[{"href":"https:\/\/www.europesays.com\/fr\/wp-json\/wp\/v2\/types\/post"}],"author":[{"embeddable":true,"href":"https:\/\/www.europesays.com\/fr\/wp-json\/wp\/v2\/users\/2"}],"replies":[{"embeddable":true,"href":"https:\/\/www.europesays.com\/fr\/wp-json\/wp\/v2\/comments?post=383570"}],"version-history":[{"count":0,"href":"https:\/\/www.europesays.com\/fr\/wp-json\/wp\/v2\/posts\/383570\/revisions"}],"wp:featuredmedia":[{"embeddable":true,"href":"https:\/\/www.europesays.com\/fr\/wp-json\/wp\/v2\/media\/383571"}],"wp:attachment":[{"href":"https:\/\/www.europesays.com\/fr\/wp-json\/wp\/v2\/media?parent=383570"}],"wp:term":[{"taxonomy":"category","embeddable":true,"href":"https:\/\/www.europesays.com\/fr\/wp-json\/wp\/v2\/categories?post=383570"},{"taxonomy":"post_tag","embeddable":true,"href":"https:\/\/www.europesays.com\/fr\/wp-json\/wp\/v2\/tags?post=383570"}],"curies":[{"name":"wp","href":"https:\/\/api.w.org\/{rel}","templated":true}]}}