{"id":383583,"date":"2025-09-11T20:07:14","date_gmt":"2025-09-11T20:07:14","guid":{"rendered":"https:\/\/www.europesays.com\/fr\/383583\/"},"modified":"2025-09-11T20:07:14","modified_gmt":"2025-09-11T20:07:14","slug":"et-sil-y-avait-deux-equipes-de-france-a-la-coupe-du-monde-les-pays-inattendus-qui-vont-ou-peuvent-disputer-le-mondial-2026-lequipe","status":"publish","type":"post","link":"https:\/\/www.europesays.com\/fr\/383583\/","title":{"rendered":"Et s&#039;il y avait deux \u00e9quipes de France \u00e0 la Coupe du monde? Les pays inattendus qui vont ou peuvent disputer le Mondial 2026 &#8211; L&#039;\u00c9quipe"},"content":{"rendered":"<ol>\n<li><a href=\"https:\/\/news.google.com\/rss\/articles\/CBMihAJBVV95cUxNRUt4S1lybzhtOWhEb1kyZDl1Z0tDSnR1bGFfWnBvclBWbU55MEt2bWxqWFNXWk1wRDU2cmRvNFRQQ3p1LTctR0k1bjRZYzRpNHFZZTVNNC1KMnVtMDYwOUw3V25ISk5jZEE1b0gweWtNX29tdW5EU0JLSTdSYVlXVFNVWU5wRWlXbUdOcW5mcDlYckl0cjFBaUtKUy1HdUtFaHBIaGVxRnM1M0xuUzdUbWpIaVFjejFvYTN4bjMzVlQwbWZmOHZwRGEwTWRKeXlXenpVMUFCU3l1UFZKc0JhTVpNeVdwb0ZBd3huRzRJOWw4T3l2dDRVcW50VmNoUHdlMmFJSg?oc=5\" target=\"_blank\" rel=\"nofollow noopener\">Et s&rsquo;il y avait deux \u00e9quipes de France \u00e0 la Coupe du monde? Les pays inattendus qui vont ou peuvent disputer le Mondial 2026<\/a>&nbsp;&nbsp;L&rsquo;\u00c9quipe<\/li>\n<li><a href=\"https:\/\/news.google.com\/rss\/articles\/CBMikwJBVV95cUxOOC16TkZPMkFiZDhKV044MGpVVjZORHAyN0w2MlAxaElkZjh0Rnl5b05MTjF0a1EzSkI5bFNVU0U4NlJDWkZBVHYtWnh1MnMxZzlLZEFDalNYRV9lRDJqcTVERlF6TmJVNEwzbzVuT1VqaDRJRUpwZkUxenBhZWd0SnpzeTZOcmZJU213dC1kSGNwMkhMOG15RTNBWFNfc1lFT2xxXy14TWEtMXNiQlZEVXoxOEoyZU1aLXB5T2dlVk5lMUJnODRMTGZnSXkyY3d1OFJBN080TkJDMmxzeWVZZkloN29pN3ZQV3JuYlNGRVpaQWlkZHU0RHFYZ3ZRLUMwNkZTU1JmZUN5ME5aMXh6LVhwMA?oc=5\" target=\"_blank\" rel=\"nofollow noopener\">CARTE. Coupe du monde 2026 : Br\u00e9sil, Argentine, Tunisie, Maroc, Japon, Ouzb\u00e9kistan&#8230; D\u00e9couvrez les pays qualifi\u00e9s pour le Mondial de football<\/a>&nbsp;&nbsp;France Info<\/li>\n<li><a href=\"https:\/\/news.google.com\/rss\/articles\/CBMilgFBVV95cUxQN2lHWlpMX2Q4SG8yZFlOVU9HaVl1S0c1c1ZHbHhnOGNwcWp4cmpVZlY4bGdESUN6d2JNNXkwc203Z2Zrck1ad3JMRkstU1d6LVRWS3dnM0dKbFdrMTRMU1VUODZ5RUMwTzJFbmFxQXBud3ZnbmZkQkVMUTdsLUZDQ1Fwc3h4VFloV3ZPeHFIQ3FkeUtQenc?oc=5\" target=\"_blank\" rel=\"nofollow noopener\">Le Mondial \u00e0 48 ou la red\u00e9finition de l\u2019exploit &#8211; Mondial 2026 &#8211; Qualifs<\/a>&nbsp;&nbsp;SO FOOT.com<\/li>\n<li><a href=\"https:\/\/news.google.com\/rss\/articles\/CBMi7wFBVV95cUxPOEtfXzFnSEhrRkNtNlpSZktaU1dpbDlFRWtmWUY5clFDZHp0SlNlTzVSRzlHdjhKV0hoaTl5QUxRUkVSeVlqUk0yNGIwN0Nyc1Z0TFl3aXp6UEJvZ1ZqZ2l5Sl9adWM4QllwZ1lrdnhkdTZCMXZQamtlV3VrZ0Iwa3AxZWlsbVFaazNvcUhRZnE4YkdVOWwxcWxEdmdsNVlFXzB2R0lJTFhQcDk5cXgwbnZkbDlHQjhuVmJmak9WaDNmaXFOUDlWMnMwS01Ub1FfMk5xX3NhME5GalJ4ZU9TQW80c1Awem1ZeUp5aVFaZ9IB9AFBVV95cUxNT3BpVGd1TVByZm1aRkxkSkJGcHZrMGZDaHI3UFpjUExPTzNnLU1ZWFE3MGtfZ09qVE5SZlh5VGQ3eGhmaERsczVyZ3g3aWNUMDkzNzFKV0NvMEdMSXIwSmhVdE1IdmdacEFRbGxHOGNGZU1TM3ZFbGdiaEJpSzBvMS0xT2hlTk5fOTUwMHJZZHR2NTZOS2JieHdZenFMUlBPclZzT1dTZXF6MGNYY09VUDRfcTVBQ2JUNVVFQ184dElUQm1LWGdiOVNjRHBFRUtNcGtwX0hVQV9kVkNEQVBHNjR5X1p5di11U1FkU2dxWndTbjNS?oc=5\" target=\"_blank\" rel=\"nofollow noopener\">D\u00e9but de la phase de vente des billets pour la Coupe du monde 2026<\/a>&nbsp;&nbsp;Boursorama<\/li>\n<li><a href=\"https:\/\/news.google.com\/rss\/articles\/CBMiiwJBVV95cUxNWk5MdVY5QnlmdW01Z0k4Rmd4R245UlJwSnVlcFBnTlhxSGlhWHBDWXBFZy04WmkwQUpocFZHR0dQQUFEN3Nfb0dRbEdWanVYMm9CY0RYdTZJeWF2ZXR0NVdGWmY1MVFUcWYwZ1dRYkJhSFFpZ21od3Faa0RvQ24tYzN2MjNnalpaS2VUdDV0TnplTjYyS0FBdkRsRlFuVzJLZ0xYa21GLWFoejBKVlN0Qm8ycExxNEU1OEJXZzNqekt3enYtazd6S1pMZDdZNDIwbVR2RlJ1Sm9oNE40LTZuWW4zX3ZWemNWS1YxMnpHWGJpbFZMY2RXNFU4N1p6blRNVXJOeTlwM0t1OEE?oc=5\" target=\"_blank\" rel=\"nofollow noopener\">Coupe du monde 2026. Quadruple championne du monde, l\u2019Allemagne pourrait ne pas \u00eatre t\u00eate de s\u00e9rie<\/a>&nbsp;&nbsp;Ouest-France<\/li>\n<\/ol>\n","protected":false},"excerpt":{"rendered":"Et s&rsquo;il y avait deux \u00e9quipes de France \u00e0 la Coupe du monde? Les pays inattendus qui vont&hellip;\n","protected":false},"author":2,"featured_media":383584,"comment_status":"","ping_status":"","sticky":false,"template":"","format":"standard","meta":{"footnotes":""},"categories":[9],"tags":[1011,27,60],"class_list":{"0":"post-383583","1":"post","2":"type-post","3":"status-publish","4":"format-standard","5":"has-post-thumbnail","7":"category-sports","8":"tag-fr","9":"tag-france","10":"tag-sports"},"share_on_mastodon":{"url":"https:\/\/pubeurope.com\/@fr\/115187472507916635","error":""},"_links":{"self":[{"href":"https:\/\/www.europesays.com\/fr\/wp-json\/wp\/v2\/posts\/383583","targetHints":{"allow":["GET"]}}],"collection":[{"href":"https:\/\/www.europesays.com\/fr\/wp-json\/wp\/v2\/posts"}],"about":[{"href":"https:\/\/www.europesays.com\/fr\/wp-json\/wp\/v2\/types\/post"}],"author":[{"embeddable":true,"href":"https:\/\/www.europesays.com\/fr\/wp-json\/wp\/v2\/users\/2"}],"replies":[{"embeddable":true,"href":"https:\/\/www.europesays.com\/fr\/wp-json\/wp\/v2\/comments?post=383583"}],"version-history":[{"count":0,"href":"https:\/\/www.europesays.com\/fr\/wp-json\/wp\/v2\/posts\/383583\/revisions"}],"wp:featuredmedia":[{"embeddable":true,"href":"https:\/\/www.europesays.com\/fr\/wp-json\/wp\/v2\/media\/383584"}],"wp:attachment":[{"href":"https:\/\/www.europesays.com\/fr\/wp-json\/wp\/v2\/media?parent=383583"}],"wp:term":[{"taxonomy":"category","embeddable":true,"href":"https:\/\/www.europesays.com\/fr\/wp-json\/wp\/v2\/categories?post=383583"},{"taxonomy":"post_tag","embeddable":true,"href":"https:\/\/www.europesays.com\/fr\/wp-json\/wp\/v2\/tags?post=383583"}],"curies":[{"name":"wp","href":"https:\/\/api.w.org\/{rel}","templated":true}]}}