{"id":383591,"date":"2025-09-11T20:11:15","date_gmt":"2025-09-11T20:11:15","guid":{"rendered":"https:\/\/www.europesays.com\/fr\/383591\/"},"modified":"2025-09-11T20:11:15","modified_gmt":"2025-09-11T20:11:15","slug":"lalbanie-nomme-un-ministre-genere-par-ia-qui-sera-charge-des-marches-publics","status":"publish","type":"post","link":"https:\/\/www.europesays.com\/fr\/383591\/","title":{"rendered":"L&rsquo;Albanie nomme un ministre g\u00e9n\u00e9r\u00e9 par IA qui sera charg\u00e9 des march\u00e9s publics"},"content":{"rendered":"<p>La nomination du ministre virtuel a \u00e9t\u00e9 annonc\u00e9e ce jeudi par le premier ministre albanais Edi Rama. Il devrait aider \u00e0 lutter contre la corruption.<\/p>\n<p class=\"fig-paragraph\">Le premier ministre albanais Edi Rama a annonc\u00e9 jeudi la nomination d&rsquo;un ministre g\u00e9n\u00e9r\u00e9 par intelligence artificielle (IA), une premi\u00e8re mondiale, qui sera charg\u00e9 des march\u00e9s publics. Le nom du ministre virtuel est Diella, qui signifie \u00absoleil\u00bb en albanais, a d\u00e9clar\u00e9 Edi Rama en pr\u00e9sentant son nouveau gouvernement lors d&rsquo;un meeting de son mouvement, le\u00a0<a href=\"http:\/\/www.lefigaro.fr\/politique\/guillaume-tabard-des-erreurs-qui-offrent-matignon-au-parti-socialiste-20250904\" target=\"_blank\" data-fig-type=\"Article\" rel=\"noopener\" data-gtm-custom-categorie=\"navigation\" data-gtm-custom-action=\"crossclick\" data-gtm-custom-label=\"Contextuel\" data-gtm-event=\"customEventSPE\" data-fig-domain=\"LEFIGARO\">Parti socialiste<\/a>, qui a remport\u00e9 une large victoire aux \u00e9lections l\u00e9gislatives de mai. \u00abDiella est le premier membre (du gouvernement) qui n&rsquo;est pas pr\u00e9sent physiquement, mais cr\u00e9\u00e9 virtuellement par intelligence artificielle\u00bb, a dit Edi Rama.<\/p>\n<p class=\"fig-paragraph\">Diella sera charg\u00e9 de toutes les d\u00e9cisions relatives aux appels d&rsquo;offres des march\u00e9s publics, a-t-il ajout\u00e9. Avec ce ministre IA, les appels d&rsquo;offres publics seront \u00abexempts de corruption \u00e0 100% et chaque denier public soumis \u00e0 la proc\u00e9dure d&rsquo;appel d&rsquo;offres sera parfaitement transparent\u00bb, a assur\u00e9 Edi Rama. Il ne s&rsquo;agit pas de science-fiction mais du devoir de Diella, a-t-il soulign\u00e9, ajoutant que le \u00abministre\u00bb \u00e9valuera les appels d&rsquo;offres et aura le droit de \u00abrecruter des talents dans le monde entier\u00bb.<\/p>\n<p class=\"fig-body-link\">\n<p>        Lire le dossier<br \/>\n        <a class=\"fig-body-link__link\" href=\"http:\/\/www.lefigaro.fr\/voyages\/selection\/dossier\/voyage-en-albanie-nos-circuits-hotels-et-sejours-sur-mesure\" target=\"_blank\" data-fig-type=\"Topic\" rel=\"sponsored noopener\" data-gtm-custom-categorie=\"navigation\" data-gtm-custom-action=\"crossclick\" data-gtm-custom-label=\"Contextuel\" data-gtm-event=\"customEventSPE\" data-fig-domain=\"LEFIGARO\">Voyage en Albanie\u00a0: nos circuits, h\u00f4tels et s\u00e9jours sur mesure<br \/>\n    <\/a>\n<\/p>\n<p>                                    <a class=\"fig-a11y-skip a11y-hidden\" href=\"#fig-a11y-skip-main-inarticle\"><br \/>\n        Passer la publicit\u00e9<br \/>\n    <\/a><\/p>\n<p>Une IA avant tout au service des Albanais<\/p>\n<p class=\"fig-paragraph\">Diella avait \u00e9t\u00e9 lanc\u00e9 en janvier en tant qu&rsquo;assistant virtuel g\u00e9n\u00e9r\u00e9 par IA, repr\u00e9sent\u00e9 par une femme habill\u00e9e d&rsquo;un costume traditionnel albanais, pour aider la population \u00e0 utiliser la plateforme officielle e-Albania, qui fournit documents officiels et services divers. Jusqu&rsquo;ici, Diella a aid\u00e9 \u00e0 l&rsquo;\u00e9mission de 36.600 documents num\u00e9riques et a fourni pr\u00e8s d&rsquo;un millier de services sur la plateforme, selon les chiffres officiels.<\/p>\n<p class=\"fig-paragraph\">Edi Rama, qui s&rsquo;est assur\u00e9 un quatri\u00e8me mandat aux \u00e9lections de mai, doit pr\u00e9senter son nouveau gouvernement aux parlementaires dans les prochains jours. La lutte contre la corruption, en particulier dans la fonction publique, est un crit\u00e8re cl\u00e9 dans la candidature de l&rsquo;Albanie \u00e0 l&rsquo;entr\u00e9e dans l&rsquo;Union europ\u00e9enne (UE). Edi Rama ambitionne de faire entrer le petit pays des Balkans (2,8 millions d&rsquo;habitants) dans l&rsquo;UE d&rsquo;ici 2030.<\/p>\n","protected":false},"excerpt":{"rendered":"La nomination du ministre virtuel a \u00e9t\u00e9 annonc\u00e9e ce jeudi par le premier ministre albanais Edi Rama. Il&hellip;\n","protected":false},"author":2,"featured_media":383592,"comment_status":"","ping_status":"","sticky":false,"template":"","format":"standard","meta":{"footnotes":""},"categories":[5],"tags":[11,5230,1011,27,223,14,3784,12,28],"class_list":{"0":"post-383591","1":"post","2":"type-post","3":"status-publish","4":"format-standard","5":"has-post-thumbnail","7":"category-international","8":"tag-actualites","9":"tag-albanie","10":"tag-fr","11":"tag-france","12":"tag-intelligence-artificielle","13":"tag-international","14":"tag-ministre","15":"tag-news","16":"tag-world"},"share_on_mastodon":{"url":"https:\/\/pubeurope.com\/@fr\/115187488213800093","error":""},"_links":{"self":[{"href":"https:\/\/www.europesays.com\/fr\/wp-json\/wp\/v2\/posts\/383591","targetHints":{"allow":["GET"]}}],"collection":[{"href":"https:\/\/www.europesays.com\/fr\/wp-json\/wp\/v2\/posts"}],"about":[{"href":"https:\/\/www.europesays.com\/fr\/wp-json\/wp\/v2\/types\/post"}],"author":[{"embeddable":true,"href":"https:\/\/www.europesays.com\/fr\/wp-json\/wp\/v2\/users\/2"}],"replies":[{"embeddable":true,"href":"https:\/\/www.europesays.com\/fr\/wp-json\/wp\/v2\/comments?post=383591"}],"version-history":[{"count":0,"href":"https:\/\/www.europesays.com\/fr\/wp-json\/wp\/v2\/posts\/383591\/revisions"}],"wp:featuredmedia":[{"embeddable":true,"href":"https:\/\/www.europesays.com\/fr\/wp-json\/wp\/v2\/media\/383592"}],"wp:attachment":[{"href":"https:\/\/www.europesays.com\/fr\/wp-json\/wp\/v2\/media?parent=383591"}],"wp:term":[{"taxonomy":"category","embeddable":true,"href":"https:\/\/www.europesays.com\/fr\/wp-json\/wp\/v2\/categories?post=383591"},{"taxonomy":"post_tag","embeddable":true,"href":"https:\/\/www.europesays.com\/fr\/wp-json\/wp\/v2\/tags?post=383591"}],"curies":[{"name":"wp","href":"https:\/\/api.w.org\/{rel}","templated":true}]}}