{"id":383606,"date":"2025-09-11T20:20:18","date_gmt":"2025-09-11T20:20:18","guid":{"rendered":"https:\/\/www.europesays.com\/fr\/383606\/"},"modified":"2025-09-11T20:20:18","modified_gmt":"2025-09-11T20:20:18","slug":"perols-lagresseur-du-maire-jean-pierre-rico-condamne-a-6-mois-de-prison-avec-sursis","status":"publish","type":"post","link":"https:\/\/www.europesays.com\/fr\/383606\/","title":{"rendered":"P\u00e9rols : l\u2019agresseur du maire Jean-Pierre Rico condamn\u00e9 \u00e0 6 mois de prison avec sursis\u00a0"},"content":{"rendered":"<p>Le 31 janvier 2025 au matin, l\u2019homme qui a \u00e9t\u00e9 pr\u00e9sident de l\u2019association du club taurin est entr\u00e9 dans la mairie pour demander un document au service financier de la municipalit\u00e9. Quand il sort, il croise le maire qui l\u2019attend et qui lui demande de sortir. \u201cRico m\u2019a dit \u2018Qu\u2019est-ce que tu fous l\u00e0, tu veux me tuer politiquement\u00a0?\u2019\u201c. Laouari K. assure qu\u2019il est au courant de d\u00e9tournements de fonds de l\u2019association du club taurin qui pourraient d\u00e9stabiliser le maire avant les \u00e9lections municipales de mars 2026. \u201cJe suis n\u00e9 dans ce village, Jean-Pierre Rico est mon voisin. Je ne fais pas de politique, je n\u2019ai aucun mobile contre lui. J\u2019ai juste mis le nez l\u00e0 o\u00f9 il ne fallait pas\u201c, explique-t-il. \u201cOn n\u2019est pas l\u00e0 pour statuer l\u00e0 dessus, on est ici pour des faits d\u2019outrage et de violence\u201c, rappelle la pr\u00e9sidente du tribunal qui en revient aux faits.<\/p>\n","protected":false},"excerpt":{"rendered":"Le 31 janvier 2025 au matin, l\u2019homme qui a \u00e9t\u00e9 pr\u00e9sident de l\u2019association du club taurin est entr\u00e9&hellip;\n","protected":false},"author":2,"featured_media":383607,"comment_status":"","ping_status":"","sticky":false,"template":"","format":"standard","meta":{"footnotes":""},"categories":[9599],"tags":[1111,11,1777,674,1011,27,2208,12,2680,25],"class_list":{"0":"post-383606","1":"post","2":"type-post","3":"status-publish","4":"format-standard","5":"has-post-thumbnail","7":"category-montpellier","8":"tag-actu","9":"tag-actualites","10":"tag-eu","11":"tag-europe","12":"tag-fr","13":"tag-france","14":"tag-montpellier","15":"tag-news","16":"tag-occitanie","17":"tag-republique-francaise"},"share_on_mastodon":{"url":"https:\/\/pubeurope.com\/@fr\/115187523529119121","error":""},"_links":{"self":[{"href":"https:\/\/www.europesays.com\/fr\/wp-json\/wp\/v2\/posts\/383606","targetHints":{"allow":["GET"]}}],"collection":[{"href":"https:\/\/www.europesays.com\/fr\/wp-json\/wp\/v2\/posts"}],"about":[{"href":"https:\/\/www.europesays.com\/fr\/wp-json\/wp\/v2\/types\/post"}],"author":[{"embeddable":true,"href":"https:\/\/www.europesays.com\/fr\/wp-json\/wp\/v2\/users\/2"}],"replies":[{"embeddable":true,"href":"https:\/\/www.europesays.com\/fr\/wp-json\/wp\/v2\/comments?post=383606"}],"version-history":[{"count":0,"href":"https:\/\/www.europesays.com\/fr\/wp-json\/wp\/v2\/posts\/383606\/revisions"}],"wp:featuredmedia":[{"embeddable":true,"href":"https:\/\/www.europesays.com\/fr\/wp-json\/wp\/v2\/media\/383607"}],"wp:attachment":[{"href":"https:\/\/www.europesays.com\/fr\/wp-json\/wp\/v2\/media?parent=383606"}],"wp:term":[{"taxonomy":"category","embeddable":true,"href":"https:\/\/www.europesays.com\/fr\/wp-json\/wp\/v2\/categories?post=383606"},{"taxonomy":"post_tag","embeddable":true,"href":"https:\/\/www.europesays.com\/fr\/wp-json\/wp\/v2\/tags?post=383606"}],"curies":[{"name":"wp","href":"https:\/\/api.w.org\/{rel}","templated":true}]}}