{"id":383608,"date":"2025-09-11T20:21:11","date_gmt":"2025-09-11T20:21:11","guid":{"rendered":"https:\/\/www.europesays.com\/fr\/383608\/"},"modified":"2025-09-11T20:21:11","modified_gmt":"2025-09-11T20:21:11","slug":"une-voiture-sencastre-dans-un-arbre-le-conducteur-grievement-blesse","status":"publish","type":"post","link":"https:\/\/www.europesays.com\/fr\/383608\/","title":{"rendered":"une voiture s&rsquo;encastre dans un arbre, le conducteur gri\u00e8vement bless\u00e9"},"content":{"rendered":"<p>            Par<br \/>\n        <strong><br \/>\n            <a href=\"https:\/\/actu.fr\/auteur\/jm-aubert\" title=\"Consulter tous les articles de Jean-Marc Aubert\" target=\"_blank\" rel=\"noopener\">Jean-Marc Aubert<\/a><br \/>\n        <\/strong><\/p>\n<p>        Publi\u00e9 le<\/p>\n<p>            11 sept. 2025 \u00e0 21h41        <\/p>\n<p>Une violente sortie de route s\u2019est produite ce jeudi 11 septembre 2025 au soir, sur la route de Garrigues, dans la commune de <strong>Campagne<\/strong>, au nord de Lunel. Le conducteur est gri\u00e8vement bless\u00e9.<\/p>\n<p class=\" wall-content\">L\u2019accident s\u2019est produit vers 20h30, sur la RD 120E2, dans des circonstances inconnues au stade de l\u2019enqu\u00eate des <strong>gendarmes de la compagnie de Lunel<\/strong> : une voiture, seule en cause s\u2019est encastr\u00e9e dans un platane.\u00a0<\/p>\n<p>    <a href=\"https:\/\/www.google.com\/maps\/embed?pb=!1m18!1m12!1m3!1d40400.75417874791!2d4.019571016768363!3d43.78362345151052!2m3!1f0!2f0!3f0!3m2!1i1024!2i768!4f13.1!3m3!1m2!1s0x12b41f28a866dccf%3A0x4078821166acc10!2s34160%20Campagne!5e0!3m2!1sfr!2sfr!4v1757618306726!5m2!1sfr!2sfr\" title=\"Ouvrie le lien\" target=\"_blank\" rel=\"noopener\">Cliquez ici pour visualiser le contenu<\/a><\/p>\n<p class=\" wall-content\">Les sapeurs-pompiers du <strong>Sdis 34<\/strong> ont d\u00e9ploy\u00e9 des moyens importants, avec l\u2019appui d\u2019une \u00e9quipe m\u00e9dicale pour extraire le conducteur \u00e2g\u00e9 de 58 ans, seul \u00e0 bord. Il se trouvait dans un \u00e9tat grave.<\/p>\n<p class=\" wall-content\">Il a \u00e9t\u00e9 fait appel au Dragon 34, l\u2019<strong>h\u00e9licopt\u00e8re de la S\u00e9curit\u00e9 civile<\/strong> de l\u2019H\u00e9rault pour prendre en charge le quinquag\u00e9naire, m\u00e9dicalis\u00e9 sur place, puis \u00e9vacu\u00e9 au CHU de Montpellier. C\u2019est le deuxi\u00e8me grave accident de la circulation enregistr\u00e9 en l\u2019espace d\u2019une heure, ce jeudi soir, sur la route \u00e0 l\u2019est de Montpellier.<\/p>\n<p class=\" wall-content\">Personnalisez votre actualit\u00e9 en ajoutant vos villes et m\u00e9dias en favori avec <a href=\"https:\/\/moncompte.actu.fr\" title=\"D\u00e9couvez Mon Actu\" rel=\"nofollow noopener\" data-trk=\"{&quot;cta&quot;:{&quot;action&quot;:&quot;https:\\\/\\\/moncompte.actu.fr&quot;,&quot;category&quot;:&quot;mon compte&quot;,&quot;from&quot;:&quot;article footer&quot;,&quot;name&quot;:&quot;Mon actu&quot;,&quot;type&quot;:&quot;cta&quot;}}\" target=\"_blank\">Mon Actu<\/a>.<\/p>\n","protected":false},"excerpt":{"rendered":"Par Jean-Marc Aubert Publi\u00e9 le 11 sept. 2025 \u00e0 21h41 Une violente sortie de route s\u2019est produite ce&hellip;\n","protected":false},"author":2,"featured_media":211938,"comment_status":"","ping_status":"","sticky":false,"template":"","format":"standard","meta":{"footnotes":""},"categories":[9599],"tags":[1111,11,15154,1777,674,118,1011,27,3381,2208,12,2680,1311,25],"class_list":{"0":"post-383608","1":"post","2":"type-post","3":"status-publish","4":"format-standard","5":"has-post-thumbnail","7":"category-montpellier","8":"tag-actu","9":"tag-actualites","10":"tag-chu-de-montpellier","11":"tag-eu","12":"tag-europe","13":"tag-faits-divers","14":"tag-fr","15":"tag-france","16":"tag-gendarmerie","17":"tag-montpellier","18":"tag-news","19":"tag-occitanie","20":"tag-pompiers","21":"tag-republique-francaise"},"share_on_mastodon":{"url":"https:\/\/pubeurope.com\/@fr\/115187527529381162","error":""},"_links":{"self":[{"href":"https:\/\/www.europesays.com\/fr\/wp-json\/wp\/v2\/posts\/383608","targetHints":{"allow":["GET"]}}],"collection":[{"href":"https:\/\/www.europesays.com\/fr\/wp-json\/wp\/v2\/posts"}],"about":[{"href":"https:\/\/www.europesays.com\/fr\/wp-json\/wp\/v2\/types\/post"}],"author":[{"embeddable":true,"href":"https:\/\/www.europesays.com\/fr\/wp-json\/wp\/v2\/users\/2"}],"replies":[{"embeddable":true,"href":"https:\/\/www.europesays.com\/fr\/wp-json\/wp\/v2\/comments?post=383608"}],"version-history":[{"count":0,"href":"https:\/\/www.europesays.com\/fr\/wp-json\/wp\/v2\/posts\/383608\/revisions"}],"wp:featuredmedia":[{"embeddable":true,"href":"https:\/\/www.europesays.com\/fr\/wp-json\/wp\/v2\/media\/211938"}],"wp:attachment":[{"href":"https:\/\/www.europesays.com\/fr\/wp-json\/wp\/v2\/media?parent=383608"}],"wp:term":[{"taxonomy":"category","embeddable":true,"href":"https:\/\/www.europesays.com\/fr\/wp-json\/wp\/v2\/categories?post=383608"},{"taxonomy":"post_tag","embeddable":true,"href":"https:\/\/www.europesays.com\/fr\/wp-json\/wp\/v2\/tags?post=383608"}],"curies":[{"name":"wp","href":"https:\/\/api.w.org\/{rel}","templated":true}]}}