{"id":383609,"date":"2025-09-11T20:22:10","date_gmt":"2025-09-11T20:22:10","guid":{"rendered":"https:\/\/www.europesays.com\/fr\/383609\/"},"modified":"2025-09-11T20:22:10","modified_gmt":"2025-09-11T20:22:10","slug":"des-riverains-inquiets-apres-un-nouveau-feu-de-vehicule-pres-de-rouen","status":"publish","type":"post","link":"https:\/\/www.europesays.com\/fr\/383609\/","title":{"rendered":"des riverains inquiets apr\u00e8s un nouveau feu de v\u00e9hicule, pr\u00e8s de Rouen"},"content":{"rendered":"<p>            Par<br \/>\n        <strong><br \/>\n            <a href=\"https:\/\/actu.fr\/auteur\/isabellevilly\" title=\"Consulter tous les articles de Isabelle Villy\" target=\"_blank\" rel=\"noopener\">Isabelle Villy<\/a><br \/>\n        <\/strong><\/p>\n<p>        Publi\u00e9 le<\/p>\n<p>            11 sept. 2025 \u00e0 19h30        <\/p>\n<p>Ce n\u2019est <a href=\"https:\/\/actu.fr\/normandie\/saint-leger-du-bourg-denis_76599\/plusieurs-vehicules-incendies-dans-la-commune-sophie-boucquiaux-denonce-des-actes-inacceptables_62154143.html\" target=\"_blank\" rel=\"noopener\">pas la premi\u00e8re fois que cela arrive<\/a> et les riverains prennent peur. Dans la nuit du jeudi 4 au vendredi 5 septembre 2025, <strong>une voiture a \u00e9t\u00e9 incendi\u00e9e<\/strong>, vers une heure du matin, rue de la Picauderie, \u00e0 Saint-L\u00e9ger-du-Bourg-Denis, non loin de <a href=\"https:\/\/actu.fr\/normandie\/rouen_76540\" target=\"_blank\" rel=\"noopener\">Rouen<\/a>. Un riverain a aussit\u00f4t alert\u00e9 les sapeurs-pompiers qui sont intervenus pour \u00e9teindre le brasier. Les forces de l\u2019ordre \u00e9taient \u00e9galement pr\u00e9sentes, le v\u00e9hicule a \u00e9t\u00e9 enlev\u00e9, mais un habitant de cette rue ne cache pas son inqui\u00e9tude.\u00a0<\/p>\n<p>Le riverain souhaite l\u2019installation de cam\u00e9ras<\/p>\n<p class=\" wall-content\">\u00ab Cela commence<strong> vraiment \u00e0 faire peur<\/strong>, car cela se passe pr\u00e8s des habitations \u00bb, constate le riverain qui habite cette rue depuis dix ans : \u00ab quand on veut en savoir plus, on nous r\u00e9pond que les auteurs sont inconnus, que le v\u00e9hicule a \u00e9t\u00e9 vol\u00e9 \u00bb, poursuit l\u2019habitant, qui d\u00e9plore aussi de nombreux actes d\u2019incivilit\u00e9 dans la commune. Et pour lui, il serait temps d\u2019agir :<\/p>\n<blockquote class=\"ac-article-quote wall-content\">\n<p>Il n&rsquo;y a m\u00eame pas de cam\u00e9ras de vid\u00e9oprotection dans la commune : on est dans une zone blanche de ce point de vue par rapport aux autres communes.<\/p>\n<p>    <strong>Un riverain<\/strong>\n            <\/p><\/blockquote>\n<p>\u00a0<\/p>\n<p class=\" wall-content\">\u00ab On n\u2019ignore pas le probl\u00e8me et on comprend que pour les riverains, c\u2019est inqui\u00e9tant \u00bb, a indiqu\u00e9 la maire Sophie Boucquiaux. L\u2019\u00e9lue souligne que la municipalit\u00e9 ne reste \u00e9videmment pas indiff\u00e9rente \u00e0 la situation et explique que la proc\u00e9dure habituelle pour cet incendie a \u00e9t\u00e9 respect\u00e9e, avec l\u2019intervention des pompiers, des forces de l\u2019ordre, et qu\u2019il a \u00e9t\u00e9 proc\u00e9d\u00e9 au ramassage du v\u00e9hicule calcin\u00e9.<\/p>\n<p>Des \u00e9paves entrepos\u00e9es sur un terrain priv\u00e9<\/p>\n<p class=\" wall-content\">Pour l\u2019\u00e9lue, ce v\u00e9hicule pourrait <strong>provenir d\u2019un terrain priv\u00e9<\/strong> situ\u00e9 dans cette m\u00eame rue : \u00ab des v\u00e9hicules sont entrepos\u00e9s sur un domaine priv\u00e9, o\u00f9 les propri\u00e9taires font s\u00fbrement de la m\u00e9canique. Ils ont \u00e9t\u00e9 sollicit\u00e9s \u00e0 plusieurs reprises pour faire enlever les \u00e9paves, la police a \u00e9galement communiqu\u00e9 aupr\u00e8s d\u2019eux. Mais faire enlever un v\u00e9hicule a un co\u00fbt, pr\u00e8s de 300 euros, et cela n\u2019a pas \u00e9t\u00e9 fait \u00bb, regrette la maire.<\/p>\n<p class=\" wall-content\">Et elle est convaincue, comme le laissent penser les premi\u00e8res constatations, que le v\u00e9hicule incendi\u00e9 la semaine derni\u00e8re aurait pu \u00eatre \u00ab pouss\u00e9 et stationn\u00e9 \u00e0 contresens sur le domaine public o\u00f9 il a ensuite \u00e9t\u00e9 br\u00fbl\u00e9. Ainsi, l\u2019enl\u00e8vement et son co\u00fbt reviennent \u00e0 la commune \u00bb.<\/p>\n<p>Vid\u00e9oprotection : l\u2019\u00e9tude a \u00e9t\u00e9 lanc\u00e9e cette ann\u00e9e<\/p>\n<p class=\" wall-content\">Quant \u00e0 la <strong>vid\u00e9oprotection<\/strong>, la maire de Saint-L\u00e9ger-du-Bourg-Denis confirme que l\u2019\u00e9tude pour le d\u00e9ploiement de cam\u00e9ras a \u00e9t\u00e9 lanc\u00e9e cette ann\u00e9e, au budget 2025. Les premi\u00e8res cam\u00e9ras devraient donc \u00eatre install\u00e9es d\u00e8s 2026. Une mesure, quand elle sera effective, qui pourrait avoir un effet dissuasif pour ce genre de faits. Mais quoi qu\u2019il en soit, Sophie Boucquiaux rappelle que, s\u2019agissant des v\u00e9hicules entrepos\u00e9s sur le terrain de la rue de la Picauderie, son \u00ab action est limit\u00e9e, car on se trouve sur un domaine priv\u00e9 \u00bb.<\/p>\n<p>Votre r\u00e9gion, votre actu !<\/p>\n<p>Recevez chaque jour les infos qui comptent pour vous.<\/p>\n<p>\t<a href=\"https:\/\/actu.fr\/newsletter\" class=\"ac-btn ac-btn--corner ac-btn--medium ac-btn--blue800\" target=\"_blank\" rel=\"noopener\">S&rsquo;incrire<\/a><br \/>\nSuivez l\u2019actualit\u00e9 de Rouen sur notre <a href=\"https:\/\/www.whatsapp.com\/channel\/0029VaKfnf99hXF2ddApFB1D\" target=\"_blank\" rel=\"noopener\">cha\u00eene WhatsApp<\/a> et sur notre<a href=\"https:\/\/www.tiktok.com\/@76actu.fr?lang=fr\" target=\"_blank\" rel=\"noopener\"> compte TikTok<\/a><\/p>\n<p class=\" wall-content\">Personnalisez votre actualit\u00e9 en ajoutant vos villes et m\u00e9dias en favori avec <a href=\"https:\/\/moncompte.actu.fr\" title=\"D\u00e9couvez Mon Actu\" rel=\"nofollow noopener\" data-trk=\"{&quot;cta&quot;:{&quot;action&quot;:&quot;https:\\\/\\\/moncompte.actu.fr&quot;,&quot;category&quot;:&quot;mon compte&quot;,&quot;from&quot;:&quot;article footer&quot;,&quot;name&quot;:&quot;Mon actu&quot;,&quot;type&quot;:&quot;cta&quot;}}\" target=\"_blank\">Mon Actu<\/a>.<\/p>\n<p>                    <script async src=\"\/\/www.tiktok.com\/embed.js\"><\/script><\/p>\n","protected":false},"excerpt":{"rendered":"Par Isabelle Villy Publi\u00e9 le 11 sept. 2025 \u00e0 19h30 Ce n\u2019est pas la premi\u00e8re fois que cela&hellip;\n","protected":false},"author":2,"featured_media":383610,"comment_status":"","ping_status":"","sticky":false,"template":"","format":"standard","meta":{"footnotes":""},"categories":[9587],"tags":[1111,11,1777,674,118,1011,27,1310,12,5161,31081,1311,25,9590],"class_list":{"0":"post-383609","1":"post","2":"type-post","3":"status-publish","4":"format-standard","5":"has-post-thumbnail","7":"category-rouen","8":"tag-actu","9":"tag-actualites","10":"tag-eu","11":"tag-europe","12":"tag-faits-divers","13":"tag-fr","14":"tag-france","15":"tag-incendie","16":"tag-news","17":"tag-normandie","18":"tag-plateau-est-rouen","19":"tag-pompiers","20":"tag-republique-francaise","21":"tag-rouen"},"share_on_mastodon":{"url":"https:\/\/pubeurope.com\/@fr\/115187531501099615","error":""},"_links":{"self":[{"href":"https:\/\/www.europesays.com\/fr\/wp-json\/wp\/v2\/posts\/383609","targetHints":{"allow":["GET"]}}],"collection":[{"href":"https:\/\/www.europesays.com\/fr\/wp-json\/wp\/v2\/posts"}],"about":[{"href":"https:\/\/www.europesays.com\/fr\/wp-json\/wp\/v2\/types\/post"}],"author":[{"embeddable":true,"href":"https:\/\/www.europesays.com\/fr\/wp-json\/wp\/v2\/users\/2"}],"replies":[{"embeddable":true,"href":"https:\/\/www.europesays.com\/fr\/wp-json\/wp\/v2\/comments?post=383609"}],"version-history":[{"count":0,"href":"https:\/\/www.europesays.com\/fr\/wp-json\/wp\/v2\/posts\/383609\/revisions"}],"wp:featuredmedia":[{"embeddable":true,"href":"https:\/\/www.europesays.com\/fr\/wp-json\/wp\/v2\/media\/383610"}],"wp:attachment":[{"href":"https:\/\/www.europesays.com\/fr\/wp-json\/wp\/v2\/media?parent=383609"}],"wp:term":[{"taxonomy":"category","embeddable":true,"href":"https:\/\/www.europesays.com\/fr\/wp-json\/wp\/v2\/categories?post=383609"},{"taxonomy":"post_tag","embeddable":true,"href":"https:\/\/www.europesays.com\/fr\/wp-json\/wp\/v2\/tags?post=383609"}],"curies":[{"name":"wp","href":"https:\/\/api.w.org\/{rel}","templated":true}]}}