{"id":383617,"date":"2025-09-11T20:27:18","date_gmt":"2025-09-11T20:27:18","guid":{"rendered":"https:\/\/www.europesays.com\/fr\/383617\/"},"modified":"2025-09-11T20:27:18","modified_gmt":"2025-09-11T20:27:18","slug":"pourquoi-des-drones-de-la-police-survolent-la-ville-ce-jeudi","status":"publish","type":"post","link":"https:\/\/www.europesays.com\/fr\/383617\/","title":{"rendered":"pourquoi des drones de la police survolent la ville, ce jeudi\u00a0?"},"content":{"rendered":"<p>            Par<br \/>\n        <strong><br \/>\n            <a href=\"https:\/\/actu.fr\/auteur\/laurene-fertin\" title=\"Consulter tous les articles de Laur\u00e8ne Fertin\" target=\"_blank\" rel=\"noopener\">Laur\u00e8ne Fertin<\/a><br \/>\n        <\/strong><\/p>\n<p>        Publi\u00e9 le<\/p>\n<p>            11 sept. 2025 \u00e0 17h57        <\/p>\n<p><strong>Deux cam\u00e9ras,<\/strong> positionn\u00e9es sur <strong>des drones<\/strong> de type \u00ab\u00a0DJI mavic 3\u00a0\u00bb, <strong>filment la ville de Rennes depuis 14h<\/strong>, ce jeudi 11 septembre 2025.<\/p>\n<p class=\" wall-content\">En effet, sur demande de la police nationale,<strong> la pr\u00e9fecture de Bretagne a autoris\u00e9<\/strong>\u00a0\u00ab\u00a0la captation, l\u2019enregistrement et la transmission d\u2019images par la Direction interd\u00e9partementale de la police nationale (DIPN) [\u2026] \u00e0 Rennes, le jeudi 11 septembre, <strong>de 14h \u00e0 23h59\u2033.<\/strong> <a href=\"https:\/\/x.com\/PoliceNat35\/status\/1966140379713122412\/photo\/2\">Un arr\u00eat\u00e9 pr\u00e9fectoral<\/a> a \u00e9t\u00e9 pris ce jour.<\/p>\n<p>\u00ab\u00a0Pr\u00e9venir d\u2019\u00e9ventuels rassemblements non autoris\u00e9s\u00a0\u00bb<\/p>\n<p class=\" wall-content\">La police nationale explique en effet que ces captations d\u2019images sont effectu\u00e9es \u00ab\u00a0sur les secteurs nord et sud de la m\u00e9tropole de Rennes\u00a0\u00bb, \u00ab\u00a0dans le but de <strong>pr\u00e9venir d\u2019\u00e9ventuels rassemblements non autoris\u00e9s\u00a0\u00bb,<\/strong> \u00e0 la suite du mouvement \u00ab\u00a0bloquons tout\u00a0\u00bb de la veille, mercredi 10 septembre.<\/p>\n<p class=\" wall-content\">Nous vous en parlions dans <a href=\"https:\/\/actu.fr\/bretagne\/rennes_35238\/10-septembre-a-rennes-rocade-bloquee-bus-incendie-interpellations-ce-qu-il-faut-retenir-de-cette-journee_63145725.html\" target=\"_blank\" rel=\"noopener\">cet article<\/a>, plusieurs axes menant \u00e0 la rocade de Rennes avaient \u00e9t\u00e9 bloqu\u00e9s. <a href=\"https:\/\/actu.fr\/bretagne\/rennes_35238\/greve-du-10-septembre-le-conducteur-est-choque-ce-que-l-on-sait-du-bus-incendie-sur-la-rocade-de-rennes_63142337.html\" target=\"_blank\" rel=\"noopener\">Un bus avait notamment pris feu<\/a>, porte d\u2019Alma. Au total, la police a proc\u00e9d\u00e9 \u00e0 <strong>36 interpellations<\/strong>.<\/p>\n<p>Le p\u00e9rim\u00e8tre concern\u00e9<\/p>\n<p class=\" wall-content\">Rocade, rues, avenues, boulevard, quai\u2026 Voici <strong>les secteurs de\u00a0Rennes<\/strong> concern\u00e9s :\u00a0<\/p>\n<ul class=\" wall-content\">\n<li><strong>sur la RN136<\/strong> porte de Cleunay, porte de Lorient, porte de Beauregard, porte de Saint-Malo, porte de Maurepas, porte des Longs Champs, porte de Normandie ; porte de Tiz\u00e9, porte de Cesson et porte de Cesson centre, porte de Pac\u00e9\/Vezin, porte de Villejean, porte de Beaulieu ;\u00a0<\/li>\n<li><strong>sur la N157<\/strong> ;<\/li>\n<li><strong>sur la D386<\/strong> ;<\/li>\n<li><strong>sur la N24<\/strong> ;<\/li>\n<li>quai Robinot de Saint-Cyr, quai de Richemont, quai \u00c9mile-Zola, quai Lamennais, quai de la Pr\u00e9valaye, quai d\u2019Auchel<\/li>\n<li>rue du Manoir de Servign\u00e9, rue de Lorient ;<\/li>\n<li>boulevard des Alli\u00e9s ;\u00a0<\/li>\n<li>avenue des Pr\u00e9ales, avenue Fran\u00e7ois-Ch\u00e2teau, avenue Sergent-Maginot ;<\/li>\n<li><strong>place de la R\u00e9publique, place de Bretagne<\/strong> ;<\/li>\n<li>pont Robert-Schuman ;<\/li>\n<li>all\u00e9e Louis-Lucipia.<\/li>\n<\/ul>\n<p class=\" wall-content\">Personnalisez votre actualit\u00e9 en ajoutant vos villes et m\u00e9dias en favori avec <a href=\"https:\/\/moncompte.actu.fr\" title=\"D\u00e9couvez Mon Actu\" rel=\"nofollow noopener\" data-trk=\"{&quot;cta&quot;:{&quot;action&quot;:&quot;https:\\\/\\\/moncompte.actu.fr&quot;,&quot;category&quot;:&quot;mon compte&quot;,&quot;from&quot;:&quot;article footer&quot;,&quot;name&quot;:&quot;Mon actu&quot;,&quot;type&quot;:&quot;cta&quot;}}\" target=\"_blank\">Mon Actu<\/a>.<\/p>\n","protected":false},"excerpt":{"rendered":"Par Laur\u00e8ne Fertin Publi\u00e9 le 11 sept. 2025 \u00e0 17h57 Deux cam\u00e9ras, positionn\u00e9es sur des drones de type&hellip;\n","protected":false},"author":2,"featured_media":383618,"comment_status":"","ping_status":"","sticky":false,"template":"","format":"standard","meta":{"footnotes":""},"categories":[2821],"tags":[1111,11,829,1777,674,118,1011,27,50957,12,1072,584,25,7939],"class_list":{"0":"post-383617","1":"post","2":"type-post","3":"status-publish","4":"format-standard","5":"has-post-thumbnail","7":"category-rennes","8":"tag-actu","9":"tag-actualites","10":"tag-bretagne","11":"tag-eu","12":"tag-europe","13":"tag-faits-divers","14":"tag-fr","15":"tag-france","16":"tag-mouvement-du-10-septembre","17":"tag-news","18":"tag-police","19":"tag-rennes","20":"tag-republique-francaise","21":"tag-videosurveillance"},"share_on_mastodon":{"url":"https:\/\/pubeurope.com\/@fr\/115187551007136851","error":""},"_links":{"self":[{"href":"https:\/\/www.europesays.com\/fr\/wp-json\/wp\/v2\/posts\/383617","targetHints":{"allow":["GET"]}}],"collection":[{"href":"https:\/\/www.europesays.com\/fr\/wp-json\/wp\/v2\/posts"}],"about":[{"href":"https:\/\/www.europesays.com\/fr\/wp-json\/wp\/v2\/types\/post"}],"author":[{"embeddable":true,"href":"https:\/\/www.europesays.com\/fr\/wp-json\/wp\/v2\/users\/2"}],"replies":[{"embeddable":true,"href":"https:\/\/www.europesays.com\/fr\/wp-json\/wp\/v2\/comments?post=383617"}],"version-history":[{"count":0,"href":"https:\/\/www.europesays.com\/fr\/wp-json\/wp\/v2\/posts\/383617\/revisions"}],"wp:featuredmedia":[{"embeddable":true,"href":"https:\/\/www.europesays.com\/fr\/wp-json\/wp\/v2\/media\/383618"}],"wp:attachment":[{"href":"https:\/\/www.europesays.com\/fr\/wp-json\/wp\/v2\/media?parent=383617"}],"wp:term":[{"taxonomy":"category","embeddable":true,"href":"https:\/\/www.europesays.com\/fr\/wp-json\/wp\/v2\/categories?post=383617"},{"taxonomy":"post_tag","embeddable":true,"href":"https:\/\/www.europesays.com\/fr\/wp-json\/wp\/v2\/tags?post=383617"}],"curies":[{"name":"wp","href":"https:\/\/api.w.org\/{rel}","templated":true}]}}