{"id":383619,"date":"2025-09-11T20:28:11","date_gmt":"2025-09-11T20:28:11","guid":{"rendered":"https:\/\/www.europesays.com\/fr\/383619\/"},"modified":"2025-09-11T20:28:11","modified_gmt":"2025-09-11T20:28:11","slug":"un-plaisir-de-jouer-dans-de-telles-conditions-dans-une-salle-acquise-a-sa-cause-stan-wawrinka-fait-le-show-a-lopen-blot-de-rennes","status":"publish","type":"post","link":"https:\/\/www.europesays.com\/fr\/383619\/","title":{"rendered":"\u00ab\u00a0Un plaisir de jouer dans de telles conditions\u00a0\u00bb, dans une salle acquise \u00e0 sa cause, Stan Wawrinka fait le show \u00e0 l\u2019Open Blot de Rennes"},"content":{"rendered":"<p>Open Blot \u00e0 RennesParlez-nous de ce tweener (coup entre les jambes) exceptionnel !<\/p>\n<p>Il \u00e9tait sympa ! Je n\u2019en ai pas beaucoup tent\u00e9 dans ma carri\u00e8re, je suis tr\u00e8s content de l\u2019avoir r\u00e9ussi ! C\u2019est un geste o\u00f9 il ne faut pas se rater, c\u2019est pour \u00e7a que je ne les tente jamais (rires). Dans ma carri\u00e8re, le seul que j\u2019ai fait, je pense, que c\u2019est \u00e0 Rotterdam cette ann\u00e9e, contre Medvedev (le 3 f\u00e9vrier, d\u00e9faite 6-7 (8) 6-4 6-1).<\/p>\n<p>Je suis toujours agr\u00e9ablement surpris ! \u00c7a fait plaisir et ce n\u2019est pas tout le temps qu\u2019on a autant de soutien. C\u2019est aussi pour \u00e7a que j\u2019essaye de jouer un maximum de tournois en France. Avec ce public, on a un super contact, quelque chose de particulier. Je suis content d\u2019avoir la chance de jouer demain (quart de finale contre le Belge Michael Geerts, ce vendredi). Puis la salle est super. J\u2019adore, elle est bien compacte, il y a du monde, du bruit, \u00e7a fait plaisir de jouer dans de telles conditions.<\/p>\n<p>Vous n\u2019avez pass\u00e9 que 1 h 12\u2019sur le court aujourd\u2019hui (ce jeudi), et 1 h 18\u2019la veille mais physiquement comment vous sentez-vous ?<\/p>\n<p>Je ne suis pas tout jeune, j\u2019ai 40 ans, mais je me sens bien physiquement. Je me suis bien entra\u00een\u00e9 toute l\u2018\u00a0ann\u00e9e, j\u2019ai fait deux grosses semaines pour \u00eatre pr\u00eat ici. On verra comment \u00e7a va demain (ce vendredi) au r\u00e9veil. Certes, j\u2019ai jou\u00e9 des matchs courts mais l\u2019indoor est une surface qui est rapide, c\u2019est intense, les articulations sont mises sous tension. Sur le plan tennistique, je suis tr\u00e8s content. Je sers bien, il faut \u00eatre agressif et rapide dans ses choix et ses d\u00e9cisions. Pour l\u2019instant, je suis content d\u2019avoir gagn\u00e9 deux matchs en deux sets mais j\u2019esp\u00e8re continuer.<\/p>\n<p class=\"titre-tech\">Les r\u00e9sultats de mercredi<\/p>\n<p class=\"tech\">Stanislas Wawrinka (SUI\/n\u00b02) bat Dan Added (FRA) 6-3, 6-4, Harold Mayot (n\u00b03) bat Gr\u00e9goire Barri\u00e8re (FRA) 6-3, 7-6 ; Michael Geerts (BEL) bat Federico Cin\u00e0 (ITA\/n\u00b07) 6-2, 7-6 ; Patrick Zahraj (ALL) bat Arthur Bouquier (FRA\/n\u00b08) 1-6, 7-6, 6-4.<\/p>\n<p class=\"titre-tech\">Le programme de ce vendredi<\/p>\n<p class=\"tech\"><strong class=\"tech\">\u00c0 partir de 14 h :<\/strong> Harold Mayot (n\u00b03)- Clement Chidekh (FRA), \u00e0 partir de 16 h : Hugo Gatson (FRA\/n\u00b01)-Eliakim Culibaly (CIV), \u00e0 partir de 19 h : Michael Geerts (BEL) &#8211; Stanislas Wawrinka (SUI\/n\u00b02)<\/p>\n<p class=\"tech\"><strong class=\"tech\">A partir de 20 h 10 : <\/strong>Patrick Zahraj (ALL) -Cannon Kingsley (USA) ou Titouan Droguet (FRA\/n\u00b04).<\/p>\n","protected":false},"excerpt":{"rendered":"Open Blot \u00e0 RennesParlez-nous de ce tweener (coup entre les jambes) exceptionnel ! Il \u00e9tait sympa ! Je&hellip;\n","protected":false},"author":2,"featured_media":383620,"comment_status":"","ping_status":"","sticky":false,"template":"","format":"standard","meta":{"footnotes":""},"categories":[2821],"tags":[1111,11,829,765,3166,1777,674,1011,27,12,584,25,60,1467],"class_list":{"0":"post-383619","1":"post","2":"type-post","3":"status-publish","4":"format-standard","5":"has-post-thumbnail","7":"category-rennes","8":"tag-actu","9":"tag-actualites","10":"tag-bretagne","11":"tag-en-continu","12":"tag-en-continu-sports","13":"tag-eu","14":"tag-europe","15":"tag-fr","16":"tag-france","17":"tag-news","18":"tag-rennes","19":"tag-republique-francaise","20":"tag-sports","21":"tag-tennis"},"share_on_mastodon":{"url":"https:\/\/pubeurope.com\/@fr\/115187554917244766","error":""},"_links":{"self":[{"href":"https:\/\/www.europesays.com\/fr\/wp-json\/wp\/v2\/posts\/383619","targetHints":{"allow":["GET"]}}],"collection":[{"href":"https:\/\/www.europesays.com\/fr\/wp-json\/wp\/v2\/posts"}],"about":[{"href":"https:\/\/www.europesays.com\/fr\/wp-json\/wp\/v2\/types\/post"}],"author":[{"embeddable":true,"href":"https:\/\/www.europesays.com\/fr\/wp-json\/wp\/v2\/users\/2"}],"replies":[{"embeddable":true,"href":"https:\/\/www.europesays.com\/fr\/wp-json\/wp\/v2\/comments?post=383619"}],"version-history":[{"count":0,"href":"https:\/\/www.europesays.com\/fr\/wp-json\/wp\/v2\/posts\/383619\/revisions"}],"wp:featuredmedia":[{"embeddable":true,"href":"https:\/\/www.europesays.com\/fr\/wp-json\/wp\/v2\/media\/383620"}],"wp:attachment":[{"href":"https:\/\/www.europesays.com\/fr\/wp-json\/wp\/v2\/media?parent=383619"}],"wp:term":[{"taxonomy":"category","embeddable":true,"href":"https:\/\/www.europesays.com\/fr\/wp-json\/wp\/v2\/categories?post=383619"},{"taxonomy":"post_tag","embeddable":true,"href":"https:\/\/www.europesays.com\/fr\/wp-json\/wp\/v2\/tags?post=383619"}],"curies":[{"name":"wp","href":"https:\/\/api.w.org\/{rel}","templated":true}]}}