{"id":383621,"date":"2025-09-11T20:29:14","date_gmt":"2025-09-11T20:29:14","guid":{"rendered":"https:\/\/www.europesays.com\/fr\/383621\/"},"modified":"2025-09-11T20:29:14","modified_gmt":"2025-09-11T20:29:14","slug":"bischheim-une-femme-grievement-brulee-dans-lincendie-de-sa-voiture","status":"publish","type":"post","link":"https:\/\/www.europesays.com\/fr\/383621\/","title":{"rendered":"Bischheim. Une femme gri\u00e8vement br\u00fbl\u00e9e dans l\u2019incendie de sa voiture"},"content":{"rendered":"<p>Une femme de 47 ans a \u00e9t\u00e9 gri\u00e8vement br\u00fbl\u00e9e dans l\u2019incendie de sa voiture \u00e0 Bischheim ce jeudi 11\u00a0septembre, vers 12\u00a0h\u00a015, apr\u00e8s avoir tent\u00e9 de mettre fin \u00e0 ses jours. Les secours sont intervenus pour le feu de son v\u00e9hicule, isol\u00e9 sur un parking, rue des Trois-Maires, \u00e0 la Ballasti\u00e8re.<\/p>\n<p>Prise en charge par les pompiers, la victime a \u00e9t\u00e9 conduite \u00e0 l\u2019h\u00f4pital de Hautepierre. D\u2019apr\u00e8s nos informations, elle serait sortie de son v\u00e9hicule avant de se faire aider par des passants. La piste du suicide semble privil\u00e9gi\u00e9e par les enqu\u00eateurs.<\/p>\n","protected":false},"excerpt":{"rendered":"Une femme de 47 ans a \u00e9t\u00e9 gri\u00e8vement br\u00fbl\u00e9e dans l\u2019incendie de sa voiture \u00e0 Bischheim ce jeudi&hellip;\n","protected":false},"author":2,"featured_media":383622,"comment_status":"","ping_status":"","sticky":false,"template":"","format":"standard","meta":{"footnotes":""},"categories":[2820],"tags":[1111,11,13205,2880,1777,674,274,107,1011,27,775,1310,12,25,640,3265],"class_list":{"0":"post-383621","1":"post","2":"type-post","3":"status-publish","4":"format-standard","5":"has-post-thumbnail","7":"category-strasbourg","8":"tag-actu","9":"tag-actualites","10":"tag-bischheim","11":"tag-edition-strasbourg","12":"tag-eu","13":"tag-europe","14":"tag-faits-divers-justice","15":"tag-fil-info","16":"tag-fr","17":"tag-france","18":"tag-grand-est","19":"tag-incendie","20":"tag-news","21":"tag-republique-francaise","22":"tag-strasbourg","23":"tag-strasbourg-nord"},"share_on_mastodon":{"url":"https:\/\/pubeurope.com\/@fr\/115187558900454610","error":""},"_links":{"self":[{"href":"https:\/\/www.europesays.com\/fr\/wp-json\/wp\/v2\/posts\/383621","targetHints":{"allow":["GET"]}}],"collection":[{"href":"https:\/\/www.europesays.com\/fr\/wp-json\/wp\/v2\/posts"}],"about":[{"href":"https:\/\/www.europesays.com\/fr\/wp-json\/wp\/v2\/types\/post"}],"author":[{"embeddable":true,"href":"https:\/\/www.europesays.com\/fr\/wp-json\/wp\/v2\/users\/2"}],"replies":[{"embeddable":true,"href":"https:\/\/www.europesays.com\/fr\/wp-json\/wp\/v2\/comments?post=383621"}],"version-history":[{"count":0,"href":"https:\/\/www.europesays.com\/fr\/wp-json\/wp\/v2\/posts\/383621\/revisions"}],"wp:featuredmedia":[{"embeddable":true,"href":"https:\/\/www.europesays.com\/fr\/wp-json\/wp\/v2\/media\/383622"}],"wp:attachment":[{"href":"https:\/\/www.europesays.com\/fr\/wp-json\/wp\/v2\/media?parent=383621"}],"wp:term":[{"taxonomy":"category","embeddable":true,"href":"https:\/\/www.europesays.com\/fr\/wp-json\/wp\/v2\/categories?post=383621"},{"taxonomy":"post_tag","embeddable":true,"href":"https:\/\/www.europesays.com\/fr\/wp-json\/wp\/v2\/tags?post=383621"}],"curies":[{"name":"wp","href":"https:\/\/api.w.org\/{rel}","templated":true}]}}