{"id":383623,"date":"2025-09-11T20:30:16","date_gmt":"2025-09-11T20:30:16","guid":{"rendered":"https:\/\/www.europesays.com\/fr\/383623\/"},"modified":"2025-09-11T20:30:16","modified_gmt":"2025-09-11T20:30:16","slug":"la-gare-de-strasbourg-partiellement-fermee-a-cause-dun-colis-suspect","status":"publish","type":"post","link":"https:\/\/www.europesays.com\/fr\/383623\/","title":{"rendered":"La gare de Strasbourg partiellement ferm\u00e9e \u00e0 cause d&rsquo;un colis suspect"},"content":{"rendered":"<p>            Par<br \/>\n        <strong><br \/>\n            <a href=\"https:\/\/actu.fr\/auteur\/ivan-capecchi\" title=\"Consulter tous les articles de Ivan CAPECCHI\" target=\"_blank\" rel=\"noopener\">Ivan CAPECCHI<\/a><br \/>\n        <\/strong><\/p>\n<p>        Publi\u00e9 le<\/p>\n<p>            11 sept. 2025 \u00e0 19h19        <\/p>\n<p>La <a href=\"https:\/\/actu.fr\/tag\/gare-de-strasbourg\" target=\"_blank\" rel=\"noopener\">gare de Strasbourg<\/a> est actuellement ferm\u00e9e en raison de la pr\u00e9sence d\u2019un <strong>colis suspect<\/strong>.\u00a0<\/p>\n<p>Colis suspect \u00e0 la gare de Strasbourg : les forces de l\u2019ordre arrivent<\/p>\n<p class=\" wall-content\">Plus pr\u00e9cis\u00e9ment, <strong>l\u2019all\u00e9e centrale pour acc\u00e9der aux quais est ferm\u00e9e par des grilles<\/strong>. <strong>L\u2019acc\u00e8s aux trains demeure possible<\/strong>.<\/p>\n<p class=\" wall-content\">Vers 19h15, les forces de l\u2019ordre \u00e9taient en train d\u2019arriver sur place.<\/p>\n<p class=\" wall-content\">Personnalisez votre actualit\u00e9 en ajoutant vos villes et m\u00e9dias en favori avec <a href=\"https:\/\/moncompte.actu.fr\" title=\"D\u00e9couvez Mon Actu\" rel=\"nofollow noopener\" data-trk=\"{&quot;cta&quot;:{&quot;action&quot;:&quot;https:\\\/\\\/moncompte.actu.fr&quot;,&quot;category&quot;:&quot;mon compte&quot;,&quot;from&quot;:&quot;article footer&quot;,&quot;name&quot;:&quot;Mon actu&quot;,&quot;type&quot;:&quot;cta&quot;}}\" target=\"_blank\">Mon Actu<\/a>.<\/p>\n","protected":false},"excerpt":{"rendered":"Par Ivan CAPECCHI Publi\u00e9 le 11 sept. 2025 \u00e0 19h19 La gare de Strasbourg est actuellement ferm\u00e9e en&hellip;\n","protected":false},"author":2,"featured_media":383624,"comment_status":"","ping_status":"","sticky":false,"template":"","format":"standard","meta":{"footnotes":""},"categories":[2820],"tags":[1111,11,1777,674,118,1011,27,20526,775,12,1072,25,640],"class_list":{"0":"post-383623","1":"post","2":"type-post","3":"status-publish","4":"format-standard","5":"has-post-thumbnail","7":"category-strasbourg","8":"tag-actu","9":"tag-actualites","10":"tag-eu","11":"tag-europe","12":"tag-faits-divers","13":"tag-fr","14":"tag-france","15":"tag-gare-de-strasbourg","16":"tag-grand-est","17":"tag-news","18":"tag-police","19":"tag-republique-francaise","20":"tag-strasbourg"},"share_on_mastodon":{"url":"https:\/\/pubeurope.com\/@fr\/115187562826250105","error":""},"_links":{"self":[{"href":"https:\/\/www.europesays.com\/fr\/wp-json\/wp\/v2\/posts\/383623","targetHints":{"allow":["GET"]}}],"collection":[{"href":"https:\/\/www.europesays.com\/fr\/wp-json\/wp\/v2\/posts"}],"about":[{"href":"https:\/\/www.europesays.com\/fr\/wp-json\/wp\/v2\/types\/post"}],"author":[{"embeddable":true,"href":"https:\/\/www.europesays.com\/fr\/wp-json\/wp\/v2\/users\/2"}],"replies":[{"embeddable":true,"href":"https:\/\/www.europesays.com\/fr\/wp-json\/wp\/v2\/comments?post=383623"}],"version-history":[{"count":0,"href":"https:\/\/www.europesays.com\/fr\/wp-json\/wp\/v2\/posts\/383623\/revisions"}],"wp:featuredmedia":[{"embeddable":true,"href":"https:\/\/www.europesays.com\/fr\/wp-json\/wp\/v2\/media\/383624"}],"wp:attachment":[{"href":"https:\/\/www.europesays.com\/fr\/wp-json\/wp\/v2\/media?parent=383623"}],"wp:term":[{"taxonomy":"category","embeddable":true,"href":"https:\/\/www.europesays.com\/fr\/wp-json\/wp\/v2\/categories?post=383623"},{"taxonomy":"post_tag","embeddable":true,"href":"https:\/\/www.europesays.com\/fr\/wp-json\/wp\/v2\/tags?post=383623"}],"curies":[{"name":"wp","href":"https:\/\/api.w.org\/{rel}","templated":true}]}}