{"id":383627,"date":"2025-09-11T20:32:12","date_gmt":"2025-09-11T20:32:12","guid":{"rendered":"https:\/\/www.europesays.com\/fr\/383627\/"},"modified":"2025-09-11T20:32:12","modified_gmt":"2025-09-11T20:32:12","slug":"hockey-sur-glace-les-aigles-de-nice-lancent-leur-saison-2025-2026-a-domicile-face-a-chamonix","status":"publish","type":"post","link":"https:\/\/www.europesays.com\/fr\/383627\/","title":{"rendered":"Hockey sur glace: les Aigles de Nice lancent leur saison 2025-2026 \u00e0 domicile face \u00e0 Chamonix"},"content":{"rendered":"<p>Nouveau logo, nouveaux maillots, les Aigles de Nice se sont recr\u00e9\u00e9s leur ADN cet \u00e9t\u00e9 lors de cette intersaison. Est-ce qu\u2019on peut appeler \u00e7a un nouveau d\u00e9part? Oui on peut le dire.<\/p>\n<p>Le duo d\u2019entra\u00eeneurs a \u00e9t\u00e9 conserv\u00e9, mais pour le reste, les changements ont \u00e9t\u00e9 nombreux. Le comit\u00e9 directeur a clairement voulu insuffler une dynamique changeante avec l\u2019arriv\u00e9e du r\u00e9put\u00e9 Jean-Fran\u00e7ois Dufour en provenance de Grenoble, pour reconstituer son duo d\u2019antan avec Nicolas Tomasini.<\/p>\n<p>L\u2019effectif aussi a \u00e9t\u00e9 totalement boulevers\u00e9, quasi dans son int\u00e9gralit\u00e9, avec la prime \u00e0 la jeunesse. Les mots du pr\u00e9sident Bastos lors de la soir\u00e9e de rentr\u00e9e des partenaires allaient clairement en ce sens.<\/p>\n<p>Celui du renouveau, avec une nouvelle page \u00e0 \u00e9crire pour un club qui a r\u00e9ussi \u00e0 se qualifier lors des deux derni\u00e8res saisons pour les playoffs mais butant \u00e0 chaque fois au stade des quarts. Cette fois l\u2019objectif est de viser plus haut.<\/p>\n<p>La pr\u00e9paration a montr\u00e9 qu\u2019il y avait de beaux motifs d\u2019espoirs avec des victoires face \u00e0 Brian\u00e7on, Gap, Marseille, une courte d\u00e9faite contre les Boxers de Bordeaux. Il n\u2019y a que du positif \u00e0 en tirer.<\/p>\n<p><strong>Un changement de culture<\/strong><\/p>\n<p>Maintenant, comme on dit, il n\u2019y a qu\u2019une seule v\u00e9rit\u00e9: celle du terrain, de la glace, et des comp\u00e9titions officielles. C\u2019est donc maintenant que \u00e7a commence pour Marc-Andr\u00e9 L\u00e9vesque et sa troupe.<\/p>\n<p>Devant un chaud public qui aura \u00e0 c\u0153ur de voir ce visage des Aigles de Nice version 2025-26. Jean-Fran\u00e7ois Dufour explique sur quels principes cet effectif a \u00e9t\u00e9 b\u00e2ti: \u00ab\u00a0Il y a beaucoup de joueurs, notamment de Chamb\u00e9ry qu\u2019on conna\u00eet qu\u2019on avait d\u00e9j\u00e0 recrut\u00e9 il y a quelques ann\u00e9es. On a fait des choix de caract\u00e8re, et on voulait vraiment des gars qui ont faim, qui veulent prouver pour le d\u00e9but de leur carri\u00e8re ou qui souhaitent l\u2019amener \u00e0 un autre niveau. Tous ont un but commun: montrer, performer, et aller le plus loin possible.\u00a0\u00bb<\/p>\n<p>Le manager g\u00e9n\u00e9ral poursuit en admettant qu\u2019il y a clairement eu un changement de culture: \u00ab\u00a0Oui on sait que nous sommes un petit budget. Mais on y croit et on a la conviction qu\u2019on peut faire de belles choses. Des clubs sont meilleurs que nous sur le papier, mais \u00e7a ne veut rien dire. On veut rivaliser avec les meilleurs, en tout cas nous avons les moyens pour cela.\u00a0\u00bb<\/p>\n<p>Les premiers \u00e9l\u00e9ments de r\u00e9ponse seront donn\u00e9s d\u00e8s ce vendredi soir.<\/p>\n<p>            L&rsquo;effectif<\/p>\n<p><strong>Arriv\u00e9es<\/strong>: Mugnier (Chamonix), Coffy (Chamonix) Regis (Grenoble), Nobes (Chamb\u00e9ry), Charpentier (Anglet), Coulaud (Gap), Cherkowski (Chamb\u00e9ry), Larinmaa (Amiens), McKinney (Chamb\u00e9ry), Morillon (Marseille), Nogaretto (Grenoble), Rommel (Su\u00e8de), Roy (Canada), Shank (Canada).<\/p>\n<p><strong>D\u00e9parts<\/strong>: Garnier (Chamonix), Tamminen (Finalande), Miedema, Corvez (Marseille), Dvorak (Roumanie), Broutin (Chamonix), Brants (Lettonie), Sloboda, Kalan, Karjalainen (Pologne), Msumbu (Nantes), Raska, Berzins (Pologne), Tiala, Molder, Kopta (Strasbourg), Sutor (Meudon).<\/p>\n<p><strong>Prolongations<\/strong>: Ruel, Loizeau, Proux, Salve, Cirgues, Lefebvre.<\/p>\n","protected":false},"excerpt":{"rendered":"Nouveau logo, nouveaux maillots, les Aigles de Nice se sont recr\u00e9\u00e9s leur ADN cet \u00e9t\u00e9 lors de cette&hellip;\n","protected":false},"author":2,"featured_media":383628,"comment_status":"","ping_status":"","sticky":false,"template":"","format":"standard","meta":{"footnotes":""},"categories":[2819],"tags":[1111,11,1777,674,1011,27,4488,12,2401,882,25,60],"class_list":{"0":"post-383627","1":"post","2":"type-post","3":"status-publish","4":"format-standard","5":"has-post-thumbnail","7":"category-nice","8":"tag-actu","9":"tag-actualites","10":"tag-eu","11":"tag-europe","12":"tag-fr","13":"tag-france","14":"tag-hockey","15":"tag-news","16":"tag-nice","17":"tag-provence-alpes-cote-dazur","18":"tag-republique-francaise","19":"tag-sports"},"share_on_mastodon":{"url":"https:\/\/pubeurope.com\/@fr\/115187570821733954","error":""},"_links":{"self":[{"href":"https:\/\/www.europesays.com\/fr\/wp-json\/wp\/v2\/posts\/383627","targetHints":{"allow":["GET"]}}],"collection":[{"href":"https:\/\/www.europesays.com\/fr\/wp-json\/wp\/v2\/posts"}],"about":[{"href":"https:\/\/www.europesays.com\/fr\/wp-json\/wp\/v2\/types\/post"}],"author":[{"embeddable":true,"href":"https:\/\/www.europesays.com\/fr\/wp-json\/wp\/v2\/users\/2"}],"replies":[{"embeddable":true,"href":"https:\/\/www.europesays.com\/fr\/wp-json\/wp\/v2\/comments?post=383627"}],"version-history":[{"count":0,"href":"https:\/\/www.europesays.com\/fr\/wp-json\/wp\/v2\/posts\/383627\/revisions"}],"wp:featuredmedia":[{"embeddable":true,"href":"https:\/\/www.europesays.com\/fr\/wp-json\/wp\/v2\/media\/383628"}],"wp:attachment":[{"href":"https:\/\/www.europesays.com\/fr\/wp-json\/wp\/v2\/media?parent=383627"}],"wp:term":[{"taxonomy":"category","embeddable":true,"href":"https:\/\/www.europesays.com\/fr\/wp-json\/wp\/v2\/categories?post=383627"},{"taxonomy":"post_tag","embeddable":true,"href":"https:\/\/www.europesays.com\/fr\/wp-json\/wp\/v2\/tags?post=383627"}],"curies":[{"name":"wp","href":"https:\/\/api.w.org\/{rel}","templated":true}]}}