{"id":383629,"date":"2025-09-11T20:33:16","date_gmt":"2025-09-11T20:33:16","guid":{"rendered":"https:\/\/www.europesays.com\/fr\/383629\/"},"modified":"2025-09-11T20:33:16","modified_gmt":"2025-09-11T20:33:16","slug":"grosse-mobilisation-annoncee-pour-la-journee-pour-la-sante-mardi-16-septembre-en-pays-de-la","status":"publish","type":"post","link":"https:\/\/www.europesays.com\/fr\/383629\/","title":{"rendered":"Grosse mobilisation annonc\u00e9e pour la journ\u00e9e pour la sant\u00e9 mardi 16\u00a0septembre en Pays de la"},"content":{"rendered":"<p>La journ\u00e9e d\u2019action du mardi 16\u00a0septembre pr\u00e9par\u00e9e par le syndicat Force ouvri\u00e8re pour le secteur de la Sant\u00e9, au plan r\u00e9gional, est planifi\u00e9e depuis plusieurs semaines.<\/p>\n<p>Elle entend d\u00e9noncer <strong>\u00ab\u00a0l\u2019\u00e9conomie de 1,1\u00a0milliard d\u2019euros demand\u00e9e \u00e0 l\u2019Agence r\u00e9gionale de Sant\u00e9 par le gouvernement Bayrou\u00a0\u00bb, <\/strong>pr\u00e9sente\u00a0Benjamin Delerue, secr\u00e9taire r\u00e9gional sant\u00e9 FO.<\/p>\n<p>Plus de 1\u00a0000 agents et m\u00e9decins inscrits \u00e0 cette mobilisation<\/p>\n<p>Cela dans un contexte de tension sur les services notamment dans les h\u00f4pitaux de ville moyenne, <a href=\"https:\/\/laval.maville.com\/actu\/actudet_-le-ministre-de-la-sante-attendu-le-4-juillet-a-l-hopital-de-laval-_11-6878665_actu.Htm\" target=\"_blank\" rel=\"nofollow noopener\">comme \u00e0 Laval contre des suppressions de postes<\/a>, ou <a href=\"https:\/\/saint-nazaire.maville.com\/actu\/actudet_-les-urgences-de-saint-nazaire-sont-saturees-les-delais-d-attente-fortement-allonges-_8-6896517_actu.Htm\" target=\"_blank\" rel=\"nofollow noopener\">la fr\u00e9quentation des urgences \u00e0 Saint-Nazaire<\/a>.<\/p>\n<p>Plus de 1\u00a0000 agents et m\u00e9decins sont inscrits \u00e0 cette mobilisation que la CGT et la CFDT appellent aussi \u00e0 suivre, \u00e0 partir de 10\u00a0h\u00a030, devant le CHU de Nantes, mardi 16\u00a0septembre.<\/p>\n<p>\u00a0<\/p>\n","protected":false},"excerpt":{"rendered":"La journ\u00e9e d\u2019action du mardi 16\u00a0septembre pr\u00e9par\u00e9e par le syndicat Force ouvri\u00e8re pour le secteur de la Sant\u00e9,&hellip;\n","protected":false},"author":2,"featured_media":383630,"comment_status":"","ping_status":"","sticky":false,"template":"","format":"standard","meta":{"footnotes":""},"categories":[2818],"tags":[11707,1111,11,20306,1777,674,1011,27,19675,3465,3367,9778,10234,766,12,5457,2636,25,71,395],"class_list":{"0":"post-383629","1":"post","2":"type-post","3":"status-publish","4":"format-standard","5":"has-post-thumbnail","7":"category-nantes","8":"tag-11707","9":"tag-actu","10":"tag-actualites","11":"tag-annoncee","12":"tag-eu","13":"tag-europe","14":"tag-fr","15":"tag-france","16":"tag-grosse","17":"tag-journee","18":"tag-loire","19":"tag-mardi","20":"tag-mobilisation","21":"tag-nantes","22":"tag-news","23":"tag-pays","24":"tag-pays-de-la-loire","25":"tag-republique-francaise","26":"tag-sante","27":"tag-septembre"},"share_on_mastodon":{"url":"https:\/\/pubeurope.com\/@fr\/115187574843762116","error":""},"_links":{"self":[{"href":"https:\/\/www.europesays.com\/fr\/wp-json\/wp\/v2\/posts\/383629","targetHints":{"allow":["GET"]}}],"collection":[{"href":"https:\/\/www.europesays.com\/fr\/wp-json\/wp\/v2\/posts"}],"about":[{"href":"https:\/\/www.europesays.com\/fr\/wp-json\/wp\/v2\/types\/post"}],"author":[{"embeddable":true,"href":"https:\/\/www.europesays.com\/fr\/wp-json\/wp\/v2\/users\/2"}],"replies":[{"embeddable":true,"href":"https:\/\/www.europesays.com\/fr\/wp-json\/wp\/v2\/comments?post=383629"}],"version-history":[{"count":0,"href":"https:\/\/www.europesays.com\/fr\/wp-json\/wp\/v2\/posts\/383629\/revisions"}],"wp:featuredmedia":[{"embeddable":true,"href":"https:\/\/www.europesays.com\/fr\/wp-json\/wp\/v2\/media\/383630"}],"wp:attachment":[{"href":"https:\/\/www.europesays.com\/fr\/wp-json\/wp\/v2\/media?parent=383629"}],"wp:term":[{"taxonomy":"category","embeddable":true,"href":"https:\/\/www.europesays.com\/fr\/wp-json\/wp\/v2\/categories?post=383629"},{"taxonomy":"post_tag","embeddable":true,"href":"https:\/\/www.europesays.com\/fr\/wp-json\/wp\/v2\/tags?post=383629"}],"curies":[{"name":"wp","href":"https:\/\/api.w.org\/{rel}","templated":true}]}}