{"id":383631,"date":"2025-09-11T20:34:38","date_gmt":"2025-09-11T20:34:38","guid":{"rendered":"https:\/\/www.europesays.com\/fr\/383631\/"},"modified":"2025-09-11T20:34:38","modified_gmt":"2025-09-11T20:34:38","slug":"5000-participants-attendus-pour-le-velotour-2025-a-nantes-il-reste-des-places","status":"publish","type":"post","link":"https:\/\/www.europesays.com\/fr\/383631\/","title":{"rendered":"5000 participants attendus pour le V\u00e9lotour 2025 \u00e0 Nantes : il reste des places"},"content":{"rendered":"<p>            Par<br \/>\n        <strong><br \/>\n            <a href=\"https:\/\/actu.fr\/auteur\/laure-gentil\" title=\"Consulter tous les articles de Laure Gentil\" rel=\"nofollow noopener\" target=\"_blank\">Laure Gentil<\/a><br \/>\n        <\/strong><\/p>\n<p>        Publi\u00e9 le<\/p>\n<p>            11 sept. 2025 \u00e0 18h08        <\/p>\n<p>Nantes M\u00e9tropole V\u00e9lotour revient pour une deuxi\u00e8me \u00e9dition, le <strong>dimanche 14\u00a0septembre 2025<\/strong>. Cette ann\u00e9e, les organisateurs attendent 5\u2009000\u00a0participants dans la m\u00e9tropole nantaise.<\/p>\n<p class=\" wall-content\">Ces derniers pourront traverser le <a href=\"https:\/\/actu.fr\/tag\/beaujoire\" rel=\"nofollow noopener\" target=\"_blank\"><strong>Stade de la Beaujoire<\/strong><\/a>, des d\u00e9cors d\u2019Angers Nantes Op\u00e9ra ou encore <a href=\"https:\/\/actu.fr\/pays-de-la-loire\/nantes_44109\/nantes-ce-nouveau-centre-technique-pour-les-tramways-est-l-un-des-plus-grands-de-france_63077011.html\" rel=\"nofollow noopener\" target=\"_blank\">des centres d\u2019exploitation du tramway Naolib<\/a>. Il y a aussi neuf autres sites \u00e0 d\u00e9couvrir.<\/p>\n<p class=\" wall-content\"><a href=\"https:\/\/www.instagram.com\/p\/DNxFjA83Jt2\/embed\" title=\"Ouvrir le lien sur Instagram\" rel=\"nofollow noopener\" target=\"_blank\">Visualiser le contenu sur Instagram<\/a><\/p>\n<p>Deux boucles<\/p>\n<p class=\" wall-content\">Les \u00ab\u2009v\u00e9lotoureux\u2009\u00bb ont rendez-vous parc du Petit Port pour d\u00e9buter leur parcours. Deux sont possibles\u2009:<\/p>\n<ul class=\" wall-content\">\n<li>La <strong>boucle principale de 19\u00a0km<\/strong> prendra la direction de l\u2019UFR STAPS \u2013 Nantes Universit\u00e9, puis de l\u2019Espace de plein air de Port-Barbe \u2013 Accoord, ou encore du Centre Technique et d\u2019Exploitation Babini\u00e8re. Le \u00ab\u2009moment le plus attendu\u2009\u00bb sera la travers\u00e9e du Stade de la Beaujoire.<\/li>\n<li>La<strong> boucle optionnelle de 2\u00a0km<\/strong> permettra de sillonner notamment le Centre Technique du Perray ainsi que les ateliers de d\u00e9cors Angers Nantes Op\u00e9ra.<\/li>\n<\/ul>\n<p>Il reste encore quelques places de disponibles pour les enfants (7,50\u00a0euros) et les adultes (15euros). <a href=\"https:\/\/velotour.fr\/billetterie\/\" rel=\"nofollow noopener\" target=\"_blank\">Cliquez ici pour vous inscrire.<\/a><\/p>\n<p class=\" wall-content\">Personnalisez votre actualit\u00e9 en ajoutant vos villes et m\u00e9dias en favori avec <a href=\"https:\/\/moncompte.actu.fr\" title=\"D\u00e9couvez Mon Actu\" rel=\"nofollow noopener\" data-trk=\"{&quot;cta&quot;:{&quot;action&quot;:&quot;https:\\\/\\\/moncompte.actu.fr&quot;,&quot;category&quot;:&quot;mon compte&quot;,&quot;from&quot;:&quot;article footer&quot;,&quot;name&quot;:&quot;Mon actu&quot;,&quot;type&quot;:&quot;cta&quot;}}\" target=\"_blank\">Mon Actu<\/a>.<\/p>\n<p>                    <script async src=\"\/\/www.instagram.com\/embed.js\"><\/script><\/p>\n","protected":false},"excerpt":{"rendered":"Par Laure Gentil Publi\u00e9 le 11 sept. 2025 \u00e0 18h08 Nantes M\u00e9tropole V\u00e9lotour revient pour une deuxi\u00e8me \u00e9dition,&hellip;\n","protected":false},"author":2,"featured_media":383632,"comment_status":"","ping_status":"","sticky":false,"template":"","format":"standard","meta":{"footnotes":""},"categories":[2818],"tags":[1111,11,1063,207,1777,674,1011,27,766,12,2636,25,60,14854,208],"class_list":{"0":"post-383631","1":"post","2":"type-post","3":"status-publish","4":"format-standard","5":"has-post-thumbnail","7":"category-nantes","8":"tag-actu","9":"tag-actualites","10":"tag-animations","11":"tag-cyclisme","12":"tag-eu","13":"tag-europe","14":"tag-fr","15":"tag-france","16":"tag-nantes","17":"tag-news","18":"tag-pays-de-la-loire","19":"tag-republique-francaise","20":"tag-sports","21":"tag-stade-de-la-beaujoire","22":"tag-velo"},"share_on_mastodon":{"url":"https:\/\/pubeurope.com\/@fr\/115187579099905725","error":""},"_links":{"self":[{"href":"https:\/\/www.europesays.com\/fr\/wp-json\/wp\/v2\/posts\/383631","targetHints":{"allow":["GET"]}}],"collection":[{"href":"https:\/\/www.europesays.com\/fr\/wp-json\/wp\/v2\/posts"}],"about":[{"href":"https:\/\/www.europesays.com\/fr\/wp-json\/wp\/v2\/types\/post"}],"author":[{"embeddable":true,"href":"https:\/\/www.europesays.com\/fr\/wp-json\/wp\/v2\/users\/2"}],"replies":[{"embeddable":true,"href":"https:\/\/www.europesays.com\/fr\/wp-json\/wp\/v2\/comments?post=383631"}],"version-history":[{"count":0,"href":"https:\/\/www.europesays.com\/fr\/wp-json\/wp\/v2\/posts\/383631\/revisions"}],"wp:featuredmedia":[{"embeddable":true,"href":"https:\/\/www.europesays.com\/fr\/wp-json\/wp\/v2\/media\/383632"}],"wp:attachment":[{"href":"https:\/\/www.europesays.com\/fr\/wp-json\/wp\/v2\/media?parent=383631"}],"wp:term":[{"taxonomy":"category","embeddable":true,"href":"https:\/\/www.europesays.com\/fr\/wp-json\/wp\/v2\/categories?post=383631"},{"taxonomy":"post_tag","embeddable":true,"href":"https:\/\/www.europesays.com\/fr\/wp-json\/wp\/v2\/tags?post=383631"}],"curies":[{"name":"wp","href":"https:\/\/api.w.org\/{rel}","templated":true}]}}