{"id":383636,"date":"2025-09-11T20:37:20","date_gmt":"2025-09-11T20:37:20","guid":{"rendered":"https:\/\/www.europesays.com\/fr\/383636\/"},"modified":"2025-09-11T20:37:20","modified_gmt":"2025-09-11T20:37:20","slug":"du-boom-dinternet-a-la-generation-ia-les-25-ans-de-la-melee-numerique","status":"publish","type":"post","link":"https:\/\/www.europesays.com\/fr\/383636\/","title":{"rendered":"Du boom d&rsquo;Internet \u00e0 la g\u00e9n\u00e9ration IA. Les 25 ans de la M\u00eal\u00e9e Num\u00e9rique"},"content":{"rendered":"<p>\u00c9dition particuli\u00e8re pour La M\u00eal\u00e9e Num\u00e9rique. La \u00ab\u00a0petite soir\u00e9e entre entrepreneurs de l\u2019informatique\u00a0\u00bb a en effet bien grandi et c\u00e9l\u00e8bre cette ann\u00e9e ses 25 ans. 9740 participants et 520 intervenants sont attendus pour l\u2019occasion, du 22 au 27\u00a0septembre. \u00ab\u00a0C\u2019est un moment o\u00f9 on pense vraiment le num\u00e9rique. C\u2019est un des rares \u00e9v\u00e9nements o\u00f9 l\u2019on fait un pas de c\u00f4t\u00e9 et o\u00f9 on ne se contente pas d\u2019enfoncer des portes ouvertes. C\u2019est un festival qui a toujours su se r\u00e9inventer, qui prouve qu\u2019on peut tracer une voie sans \u00eatre techno b\u00e9at, ni technophobe. Dans un monde o\u00f9 certains sont en guerre contre l\u2019intelligence, c\u2019est vraiment pr\u00e9cieux\u00a0\u00bb, salue Marc Sztulman, pr\u00e9sident du centre r\u00e9gional sur la cybers\u00e9curit\u00e9 Cyber\u2019Occ et \u00e9lu r\u00e9gional en charge du num\u00e9rique et de l\u2019intelligence artificielle.<\/p>\n<p>\u00ab\u00a0Nous vivons dans un monde complexe qui ne rassure pas vraiment les citoyens et les entreprises. L\u2019intelligence artificielle (IA) envahit nos vies. La M\u00eal\u00e9e Num\u00e9rique donne des pistes pour survivre dans ce monde compliqu\u00e9\u00a0\u00bb, r\u00e9sume de son c\u00f4t\u00e9 Bertrand Serp, vice-pr\u00e9sident de Toulouse M\u00e9tropole en charge de la transition digitale. Victor Denouvion, vice-pr\u00e9sident du d\u00e9partement de Haute-Garonne notamment d\u00e9l\u00e9gu\u00e9 au num\u00e9rique, voit aussi La M\u00eal\u00e9e Num\u00e9rique comme une \u00ab\u00a0tribune id\u00e9ale pour montrer ce que nous faisons, nous collectivit\u00e9s, en mati\u00e8re de transition num\u00e9rique\u00a0\u00bb. Des collectivit\u00e9s qui soutiennent notamment, depuis de nombreuses ann\u00e9es, ce festival du num\u00e9rique et de l\u2019innovation port\u00e9 par La M\u00eal\u00e9e.<\/p>\n<p>\u00ab\u00a0Nous vivons une r\u00e9volution aussi importante que le d\u00e9veloppement d\u2019Internet\u00a0\u00bb<\/p>\n<p>Parmi les intervenants attendus lors de cette \u00e9dition anniversaire, Beno\u00eet Tabaka, secr\u00e9taire g\u00e9n\u00e9ral de Google France, Constance Nebbula, pr\u00e9sidente d\u2019<a href=\"https:\/\/opendatafrance.fr\/\" class=\"spip_out\" rel=\"external noopener\" target=\"_blank\">Open Data France<\/a>, \u00c9ric Ducournau, directeur g\u00e9n\u00e9ral du groupe pharmaceutique tarnais Pierre Fabre, Catherine Jestin, directrice ex\u00e9cutive en charge du num\u00e9rique d\u2019Airbus, V\u00e9ronique Torner, pr\u00e9sidente du syndicat des entreprises du num\u00e9rique <a href=\"https:\/\/numeum.fr\/\" class=\"spip_out\" rel=\"external noopener\" target=\"_blank\">Numeum<\/a>, mais aussi <a href=\"https:\/\/www.touleco.fr\/ToulEco-no57-Didier-Lacroix-dans-la-lumiere-de-Soulages\" class=\"spip_in\" target=\"_blank\" rel=\"noopener\">Didier Lacroix<\/a>, pr\u00e9sident du Stade Toulousain et l\u2019ancien international de rugby \u00c9mile Ntamack, qui fut le premier parrain de La M\u00eal\u00e9e dans les ann\u00e9es 2000.<\/p>\n<p>\u00ab\u00a0Avec l\u2019intelligence artificielle, nous vivons une r\u00e9volution aussi importante que le d\u00e9veloppement d\u2019Internet et de nouvelles technologies il y a vingt-cinq ans. Notre objectif aujourd\u2019hui c\u2019est de r\u00e9fl\u00e9chir au monde qu\u2019on va laisser \u00e0 la g\u00e9n\u00e9ration qui est en train de na\u00eetre avec l\u2019IA\u00a0\u00bb, consid\u00e8re le pr\u00e9sident-fondateur de La M\u00eal\u00e9e, \u00c9douard Forzy, toujours \u00e0 la barre un peu plus de deux d\u00e9cennies plus tard. <br class=\"autobr\"\/><br \/>\nMatthias Hardoy<\/p>\n<p>Sur la photo\u00a0: Le pr\u00e9sident-fondateur de La M\u00eal\u00e9e, \u00c9douard Forzy. Cr\u00e9dit\u00a0: H\u00e9l\u00e8ne Ressayres &#8211; Toul\u00c9co.<\/p>\n","protected":false},"excerpt":{"rendered":"\u00c9dition particuli\u00e8re pour La M\u00eal\u00e9e Num\u00e9rique. La \u00ab\u00a0petite soir\u00e9e entre entrepreneurs de l\u2019informatique\u00a0\u00bb a en effet bien grandi&hellip;\n","protected":false},"author":2,"featured_media":383637,"comment_status":"","ping_status":"","sticky":false,"template":"","format":"standard","meta":{"footnotes":""},"categories":[2816],"tags":[1111,11,1777,674,1011,27,223,31313,12,4125,2680,25,19436,2312],"class_list":{"0":"post-383636","1":"post","2":"type-post","3":"status-publish","4":"format-standard","5":"has-post-thumbnail","7":"category-toulouse","8":"tag-actu","9":"tag-actualites","10":"tag-eu","11":"tag-europe","12":"tag-fr","13":"tag-france","14":"tag-intelligence-artificielle","15":"tag-la-melee","16":"tag-news","17":"tag-numerique","18":"tag-occitanie","19":"tag-republique-francaise","20":"tag-reseaux","21":"tag-toulouse"},"share_on_mastodon":{"url":"https:\/\/pubeurope.com\/@fr\/115187590415533349","error":""},"_links":{"self":[{"href":"https:\/\/www.europesays.com\/fr\/wp-json\/wp\/v2\/posts\/383636","targetHints":{"allow":["GET"]}}],"collection":[{"href":"https:\/\/www.europesays.com\/fr\/wp-json\/wp\/v2\/posts"}],"about":[{"href":"https:\/\/www.europesays.com\/fr\/wp-json\/wp\/v2\/types\/post"}],"author":[{"embeddable":true,"href":"https:\/\/www.europesays.com\/fr\/wp-json\/wp\/v2\/users\/2"}],"replies":[{"embeddable":true,"href":"https:\/\/www.europesays.com\/fr\/wp-json\/wp\/v2\/comments?post=383636"}],"version-history":[{"count":0,"href":"https:\/\/www.europesays.com\/fr\/wp-json\/wp\/v2\/posts\/383636\/revisions"}],"wp:featuredmedia":[{"embeddable":true,"href":"https:\/\/www.europesays.com\/fr\/wp-json\/wp\/v2\/media\/383637"}],"wp:attachment":[{"href":"https:\/\/www.europesays.com\/fr\/wp-json\/wp\/v2\/media?parent=383636"}],"wp:term":[{"taxonomy":"category","embeddable":true,"href":"https:\/\/www.europesays.com\/fr\/wp-json\/wp\/v2\/categories?post=383636"},{"taxonomy":"post_tag","embeddable":true,"href":"https:\/\/www.europesays.com\/fr\/wp-json\/wp\/v2\/tags?post=383636"}],"curies":[{"name":"wp","href":"https:\/\/api.w.org\/{rel}","templated":true}]}}