{"id":383640,"date":"2025-09-11T20:39:16","date_gmt":"2025-09-11T20:39:16","guid":{"rendered":"https:\/\/www.europesays.com\/fr\/383640\/"},"modified":"2025-09-11T20:39:16","modified_gmt":"2025-09-11T20:39:16","slug":"la-place-du-marche-de-lepeule-haute-en-couleurs","status":"publish","type":"post","link":"https:\/\/www.europesays.com\/fr\/383640\/","title":{"rendered":"La place du march\u00e9 de l\u2019Epeule haute en couleurs !"},"content":{"rendered":"<p>Am\u00e9liorer le cadre de vie, prot\u00e9ger l\u2019image du quartier<\/p>\n<p data-start=\"1282\" data-end=\"1670\">Ce projet s\u2019inscrit dans le cadre du <strong data-start=\"1319\" data-end=\"1382\">Nouveau Programme National de Renouvellement Urbain (NPNRU)<\/strong>, via la Fabrique des Quartiers. L\u2019id\u00e9e est claire : loin de laisser les fa\u00e7ades d\u00e9labr\u00e9es ou mur\u00e9es continuer de marquer le paysage urbain, leur redonner vie pour pr\u00e9server une image positive pendant que les transformations majeures (logements, \u00e9quipements, infrastructures) s\u2019op\u00e8rent.<\/p>\n<p data-start=\"1672\" data-end=\"1950\">La fresque de la place du march\u00e9 s\u2019ajoute \u00e0 d\u2019autres interventions similaires \u00e0 l\u2019Alma, \u00e0 l\u2019Epeule, au Pile. Ces travaux transitoires, souvent visibles au quotidien, contribuent \u00e0 ce que les changements ne soient pas seulement structurels, mais aussi esth\u00e9tiques et symboliques.<\/p>\n<p>Cr\u00e9dit Photos : Dr Colors<\/p>\n","protected":false},"excerpt":{"rendered":"Am\u00e9liorer le cadre de vie, prot\u00e9ger l\u2019image du quartier Ce projet s\u2019inscrit dans le cadre du Nouveau Programme&hellip;\n","protected":false},"author":2,"featured_media":383641,"comment_status":"","ping_status":"","sticky":false,"template":"","format":"standard","meta":{"footnotes":""},"categories":[2815],"tags":[1111,11,32575,1777,674,1011,27,811,1307,12,14466,25,7189],"class_list":{"0":"post-383640","1":"post","2":"type-post","3":"status-publish","4":"format-standard","5":"has-post-thumbnail","7":"category-lille","8":"tag-actu","9":"tag-actualites","10":"tag-epeule","11":"tag-eu","12":"tag-europe","13":"tag-fr","14":"tag-france","15":"tag-hauts-de-france","16":"tag-lille","17":"tag-news","18":"tag-npnru","19":"tag-republique-francaise","20":"tag-street-art"},"share_on_mastodon":{"url":"https:\/\/pubeurope.com\/@fr\/115187598245528470","error":""},"_links":{"self":[{"href":"https:\/\/www.europesays.com\/fr\/wp-json\/wp\/v2\/posts\/383640","targetHints":{"allow":["GET"]}}],"collection":[{"href":"https:\/\/www.europesays.com\/fr\/wp-json\/wp\/v2\/posts"}],"about":[{"href":"https:\/\/www.europesays.com\/fr\/wp-json\/wp\/v2\/types\/post"}],"author":[{"embeddable":true,"href":"https:\/\/www.europesays.com\/fr\/wp-json\/wp\/v2\/users\/2"}],"replies":[{"embeddable":true,"href":"https:\/\/www.europesays.com\/fr\/wp-json\/wp\/v2\/comments?post=383640"}],"version-history":[{"count":0,"href":"https:\/\/www.europesays.com\/fr\/wp-json\/wp\/v2\/posts\/383640\/revisions"}],"wp:featuredmedia":[{"embeddable":true,"href":"https:\/\/www.europesays.com\/fr\/wp-json\/wp\/v2\/media\/383641"}],"wp:attachment":[{"href":"https:\/\/www.europesays.com\/fr\/wp-json\/wp\/v2\/media?parent=383640"}],"wp:term":[{"taxonomy":"category","embeddable":true,"href":"https:\/\/www.europesays.com\/fr\/wp-json\/wp\/v2\/categories?post=383640"},{"taxonomy":"post_tag","embeddable":true,"href":"https:\/\/www.europesays.com\/fr\/wp-json\/wp\/v2\/tags?post=383640"}],"curies":[{"name":"wp","href":"https:\/\/api.w.org\/{rel}","templated":true}]}}