{"id":383645,"date":"2025-09-11T20:42:24","date_gmt":"2025-09-11T20:42:24","guid":{"rendered":"https:\/\/www.europesays.com\/fr\/383645\/"},"modified":"2025-09-11T20:42:24","modified_gmt":"2025-09-11T20:42:24","slug":"om-lorient-mvogo-meite-et-les-internationaux-dans-le-groupe-a-marseille-les-compos-probables","status":"publish","type":"post","link":"https:\/\/www.europesays.com\/fr\/383645\/","title":{"rendered":"OM &#8211; Lorient\u00a0: Mvogo, Me\u00eft\u00e9 et les internationaux dans le groupe \u00e0 Marseille, les compos probables"},"content":{"rendered":"<p>Ligue 1 (4e journ\u00e9e). Marseille &#8211; Lorient, ce vendredi (20 h 45)<\/p>\n<p>Le FC Lorient se d\u00e9place \u00e0 Marseille avec de nouveaux joueurs mais pas beaucoup plus de certitudes qu\u2019apr\u00e8s sa <a href=\"https:\/\/www.letelegramme.fr\/sports\/football\/fc-lorient\/une-honte-de-marquer-lhistoire-du-club-de-cette-maniere-humilie-face-a-lille-le-fc-lorient-a-urgemment-besoin-de-renforts-6879106.php\" target=\"_blank\" title=\"Lire notre article du 30 ao\u00fbt 2025\" rel=\"noopener\">racl\u00e9e contre Lille (1-7, 3e journ\u00e9e)<\/a>. Entre la fin du mercato, les joueurs bless\u00e9s et le retour tardif des internationaux (Talbi, Avom, Kouassi, Karim et Tosin), Olivier Pantaloni et son staff ont eu peu de latitude pour pr\u00e9parer le match, programm\u00e9 ce vendredi en ouverture de la 4e journ\u00e9e.<\/p>\n<p>Arriv\u00e9s lors de la derni\u00e8re journ\u00e9e du mercato, le 1er septembre, les revenants Yvon Mvogo et Bamo Me\u00eft\u00e9 ont eu peu de temps pour int\u00e9grer le syst\u00e8me tactique en 3-4-3, mais devraient \u00eatre lanc\u00e9s dans le grand bain, respectivement dans les buts et \u00e0 droite de la d\u00e9fense \u00e0 trois. Encore incertains et rentr\u00e9s plus tardivement cette semaine, les titulaires en puissance Arthur Avom, Ars\u00e8ne Kouassi et Dermane Karim figurent dans le groupe. Mais Pantaloni a pr\u00e9venu qu\u2019il tiendrait compte des \u00e9tats de sant\u00e9 et de fatigue de chacun. Noah Cadiou pourrait donc d\u00e9buter au milieu, tout comme Darlin Yongwa au poste de piston gauche et Th\u00e9o Le Bris ou Jean-Victor Makengo en soutien de l\u2019avant-centre.<\/p>\n<p>Bamba Dieng dans le groupe<\/p>\n<p>\u00c0 noter la pr\u00e9sence dans le groupe de l\u2019ancien marseillais Bamba Dieng, r\u00e9int\u00e9gr\u00e9 avec les pros au lendemain de la fermeture du mercato. Pr\u00eat\u00e9 la saison derni\u00e8re \u00e0 Angers, l\u2019attaquant s\u00e9n\u00e9galais a marqu\u00e9 le week-end dernier avec la r\u00e9serve (N2), mais il n\u2019a plus jou\u00e9 en \u00e9quipe premi\u00e8re avec Lorient depuis mai 2024. Le staff a aussi d\u00e9cid\u00e9 d\u2019emmener ses trois gardiens \u00e0 Marseille.<\/p>\n<p>L\u2019OM avec Aguerd et Pavard en d\u00e9fense ?<\/p>\n<p>L\u2019OM de Roberto De Zerbi doit g\u00e9rer les m\u00eames probl\u00e8mes, \u00e0 son \u00e9chelle. Parmi ses 13 internationaux convoqu\u00e9s lors de la tr\u00eave, les Argentins Leonardo Balerdi et Geronimo Rulli, ou encore le Gabonais Pierre-Aymeric Aubameyang, notamment, devraient s\u2019asseoir sur le banc. Tout comme les recrues Matt O\u2019Riley et Arthur Vermeeren et la sensation br\u00e9silienne Igor Paixao, qui revient de blessure. Arriv\u00e9s dans les derni\u00e8res heures du mercato, les d\u00e9fenseurs Nayef Aguerd et Benjamin Pavard pourraient d\u00e9buter en charni\u00e8re, aux c\u00f4t\u00e9s de l\u2019arri\u00e8re gauche Facundo Medina, lui aussi de retour de blessure.<\/p>\n<p>Les compositions probables des deux \u00e9quipes<\/p>\n<p><strong class=\"tech\">OLYMPIQUE DE MARSEILLE<\/strong> : De Lange &#8211; Murillo, Pavard, Aguerd, Medina &#8211; Gomes, Hojbjerg (cap.) &#8211; Greenwood, Nadir, Traor\u00e9 &#8211; Gouiri.<\/p>\n<p>Rempla\u00e7ants (\u00e0 choisir parmi) : Rulli (g.), Weah, Balerdi, Garcia, Emerson, O\u2019Riley, Vermeeren, Kondogbia, Bakola, Aubameyang, Paixao.<\/p>\n<p>Principaux absents : Egan-Riley (suspendu), Maupay, Lirola, Harit (choix).<\/p>\n<p>Entra\u00eeneur : Roberto De Zerbi.<\/p>\n<p><strong class=\"tech\">FC LORIENT<\/strong> : Mvogo &#8211; Me\u00eft\u00e9, Talbi, Faye &#8211; Mvuka, Avom, Abergel (cap.), Kouassi &#8211; Tosin, Soumano, Karim.<\/p>\n<p>Rempla\u00e7ants (\u00e0 choisir parmi) : Kamara, Leroy (g.), Siba, Yongwa, Silva, Cadiou, Le Bris, Makengo, Bamba, Dieng.<\/p>\n<p>Absents : Katseris (ischios), Pagis (mollet), Fadiga, Sanusi (cheville), Tour\u00e9 (genou), Adjei (reprise).<\/p>\n<p>Entra\u00eeneur : Olivier Pantaloni.<\/p>\n","protected":false},"excerpt":{"rendered":"Ligue 1 (4e journ\u00e9e). Marseille &#8211; Lorient, ce vendredi (20 h 45) Le FC Lorient se d\u00e9place \u00e0&hellip;\n","protected":false},"author":2,"featured_media":383646,"comment_status":"","ping_status":"","sticky":false,"template":"","format":"standard","meta":{"footnotes":""},"categories":[2814],"tags":[1111,11,3166,1777,674,3317,63,1011,27,66,1781,884,12,882,25,60],"class_list":{"0":"post-383645","1":"post","2":"type-post","3":"status-publish","4":"format-standard","5":"has-post-thumbnail","7":"category-marseille","8":"tag-actu","9":"tag-actualites","10":"tag-en-continu-sports","11":"tag-eu","12":"tag-europe","13":"tag-fc-lorient","14":"tag-football","15":"tag-fr","16":"tag-france","17":"tag-ligue-1","18":"tag-lorient","19":"tag-marseille","20":"tag-news","21":"tag-provence-alpes-cote-dazur","22":"tag-republique-francaise","23":"tag-sports"},"share_on_mastodon":{"url":"https:\/\/pubeurope.com\/@fr\/115187610087757640","error":""},"_links":{"self":[{"href":"https:\/\/www.europesays.com\/fr\/wp-json\/wp\/v2\/posts\/383645","targetHints":{"allow":["GET"]}}],"collection":[{"href":"https:\/\/www.europesays.com\/fr\/wp-json\/wp\/v2\/posts"}],"about":[{"href":"https:\/\/www.europesays.com\/fr\/wp-json\/wp\/v2\/types\/post"}],"author":[{"embeddable":true,"href":"https:\/\/www.europesays.com\/fr\/wp-json\/wp\/v2\/users\/2"}],"replies":[{"embeddable":true,"href":"https:\/\/www.europesays.com\/fr\/wp-json\/wp\/v2\/comments?post=383645"}],"version-history":[{"count":0,"href":"https:\/\/www.europesays.com\/fr\/wp-json\/wp\/v2\/posts\/383645\/revisions"}],"wp:featuredmedia":[{"embeddable":true,"href":"https:\/\/www.europesays.com\/fr\/wp-json\/wp\/v2\/media\/383646"}],"wp:attachment":[{"href":"https:\/\/www.europesays.com\/fr\/wp-json\/wp\/v2\/media?parent=383645"}],"wp:term":[{"taxonomy":"category","embeddable":true,"href":"https:\/\/www.europesays.com\/fr\/wp-json\/wp\/v2\/categories?post=383645"},{"taxonomy":"post_tag","embeddable":true,"href":"https:\/\/www.europesays.com\/fr\/wp-json\/wp\/v2\/tags?post=383645"}],"curies":[{"name":"wp","href":"https:\/\/api.w.org\/{rel}","templated":true}]}}